{"id":11233,"date":"2021-12-14T19:17:35","date_gmt":"2021-12-14T18:17:35","guid":{"rendered":"https:\/\/agora.xtec.cat\/escmarquesdelapobla\/?p=11233"},"modified":"2021-12-14T20:10:58","modified_gmt":"2021-12-14T19:10:58","slug":"sise-visita-la-biblioteca","status":"publish","type":"post","link":"https:\/\/agora.xtec.cat\/escmarquesdelapobla\/superior\/sise-visita-la-biblioteca\/","title":{"rendered":"Sis\u00e8 visita la Biblioteca"},"content":{"rendered":"<p><em>Escrit per l&#8217;alumnat<br \/>\n<\/em><\/p>\n<p style=\"text-align: justify;\">Avui dimarts 14 de Desembre els alumnes de 6\u00e9 hem anat a visitar la Biblioteca de Capellades. Ens han ensenyat els pisos i ens han anat explicant els llibres i els racons de la biblioteca. Tamb\u00e9 ens han explicat algunes normes del carnet.<\/p>\n<p><a href=\"https:\/\/photos.app.goo.gl\/ZcnRxM8vYxZWT6dw6\"><img loading=\"lazy\" decoding=\"async\" class=\"aligncenter size-large\" src=\"https:\/\/lh3.googleusercontent.com\/Uk_WR9Xd6L2PPKo_P0QaxeXzwxjfs4oqxtnNMfixBvxl_jk0NeT5j8aRzhu2-Pl2RhsRqmCGSNSRuboBZVIMUm73wZkaWYqpld-X5QD4ORoX50hqe_HZUdu3oCBdsKbguXq-kx6GCDfJZP1k34POk6KK5uBHKi0COIHxuKqKnfEGMNG6trk7FIykddVQT6LBoCL0p0YLdC5uFCSfZwfxoIGVd_TvsKzVNZfUkJQYN_Rq741SbhHdVP4YRNH4Ugn8jfUJkhXEfNP8oyOvtwTjXzJUIMgiikyDG8HaIspTP3zNVKnlNJn_7i_bH_3uk22dOF46aKKh-7fmACGuoT1Dshc-jWB36nqvZmRS5hhp7elcdjcM0F3UnKRPM6O7YtCp4R-XaDPzdvnELcuodraQ53sHr1_WIw7OzLYTLMq_tyTIzaDcAd1oY4pvyIhwPKcX0eJZNvI146tGSVF8CTm6S2l184x16jZ--UhA9Lw4VfU21I5EV5IcHpoXwcU0oe-JRTowtWZ0dJ1k9Rp0k_kCdd76GeGBX2lHHXD10uG6cZhU01x0NniJCRIGysq_UwiTZ-lYJAfy78XWAI02LaGKXgrZkHL4UITImWbPiqxBso3Ja-gT6QNbFJ5U9NRRN220IawokWewfKIKvo9Bx48Vx9RWZNCw4NgChHvDKmsOWUCUcjPVuorwGRh8fFtetT360fiyw_HpNI7zV0zQnkWmYn6H=w1174-h880-no?authuser=2\" width=\"1174\" height=\"880\" \/><\/a><\/p>\n<p style=\"text-align: justify;\">M\u00e9s tard ens han deixat pujar a dalt al terrat on hem pogut veure unes vistes molt boniques de zones de Capellades. Despr\u00e9s ens han donat una estona lliure per mirar llibres i qui volia tamb\u00e9 podia escollir algun llibre que li agrades per llegir a casa. Ens ho hem passat molt b\u00e9 mirant llibres i hem pogut disfrutar de la visita a la biblio del nostre poble. Esperem que us agradin les imatges!<\/p>\n<p style=\"text-align: justify;\">Ruth P\u00e9rez i N\u00faria Peris<\/p>\n","protected":false},"excerpt":{"rendered":"<p>Escrit per l&#8217;alumnat Avui dimarts 14 de Desembre els alumnes de 6\u00e9 hem anat a visitar la Biblioteca de Capellades. Ens han ensenyat els pisos i ens han anat explicant els llibres i els racons de la biblioteca. Tamb\u00e9 ens han explicat algunes normes del carnet. M\u00e9s tard ens han deixat pujar a dalt al [&hellip;]<\/p>\n","protected":false},"author":2,"featured_media":0,"comment_status":"open","ping_status":"closed","sticky":false,"template":"","format":"standard","meta":{"_bbp_topic_count":0,"_bbp_reply_count":0,"_bbp_total_topic_count":0,"_bbp_total_reply_count":0,"_bbp_voice_count":0,"_bbp_anonymous_reply_count":0,"_bbp_topic_count_hidden":0,"_bbp_reply_count_hidden":0,"_bbp_forum_subforum_count":0,"site-sidebar-layout":"default","site-content-layout":"","ast-site-content-layout":"","site-content-style":"default","site-sidebar-style":"default","ast-global-header-display":"","ast-banner-title-visibility":"","ast-main-header-display":"","ast-hfb-above-header-display":"","ast-hfb-below-header-display":"","ast-hfb-mobile-header-display":"","site-post-title":"","ast-breadcrumbs-content":"","ast-featured-img":"","footer-sml-layout":"","theme-transparent-header-meta":"","adv-header-id-meta":"","stick-header-meta":"","header-above-stick-meta":"","header-main-stick-meta":"","header-below-stick-meta":"","astra-migrate-meta-layouts":"default","ast-page-background-enabled":"default","ast-page-background-meta":{"desktop":{"background-color":"var(--ast-global-color-5)","background-image":"","background-repeat":"repeat","background-position":"center center","background-size":"auto","background-attachment":"scroll","background-type":"","background-media":"","overlay-type":"","overlay-color":"","overlay-opacity":"","overlay-gradient":""},"tablet":{"background-color":"","background-image":"","background-repeat":"repeat","background-position":"center center","background-size":"auto","background-attachment":"scroll","background-type":"","background-media":"","overlay-type":"","overlay-color":"","overlay-opacity":"","overlay-gradient":""},"mobile":{"background-color":"","background-image":"","background-repeat":"repeat","background-position":"center center","background-size":"auto","background-attachment":"scroll","background-type":"","background-media":"","overlay-type":"","overlay-color":"","overlay-opacity":"","overlay-gradient":""}},"ast-content-background-meta":{"desktop":{"background-color":"var(--ast-global-color-4)","background-image":"","background-repeat":"repeat","background-position":"center center","background-size":"auto","background-attachment":"scroll","background-type":"","background-media":"","overlay-type":"","overlay-color":"","overlay-opacity":"","overlay-gradient":""},"tablet":{"background-color":"var(--ast-global-color-4)","background-image":"","background-repeat":"repeat","background-position":"center center","background-size":"auto","background-attachment":"scroll","background-type":"","background-media":"","overlay-type":"","overlay-color":"","overlay-opacity":"","overlay-gradient":""},"mobile":{"background-color":"var(--ast-global-color-4)","background-image":"","background-repeat":"repeat","background-position":"center center","background-size":"auto","background-attachment":"scroll","background-type":"","background-media":"","overlay-type":"","overlay-color":"","overlay-opacity":"","overlay-gradient":""}},"footnotes":""},"categories":[5,133],"tags":[211,212,262],"class_list":["post-11233","post","type-post","status-publish","format-standard","hentry","category-superior","category-p6","tag-p6a","tag-p6b","tag-p6c"],"post_mailing_queue_ids":[],"_links":{"self":[{"href":"https:\/\/agora.xtec.cat\/escmarquesdelapobla\/wp-json\/wp\/v2\/posts\/11233","targetHints":{"allow":["GET"]}}],"collection":[{"href":"https:\/\/agora.xtec.cat\/escmarquesdelapobla\/wp-json\/wp\/v2\/posts"}],"about":[{"href":"https:\/\/agora.xtec.cat\/escmarquesdelapobla\/wp-json\/wp\/v2\/types\/post"}],"author":[{"embeddable":true,"href":"https:\/\/agora.xtec.cat\/escmarquesdelapobla\/wp-json\/wp\/v2\/users\/2"}],"replies":[{"embeddable":true,"href":"https:\/\/agora.xtec.cat\/escmarquesdelapobla\/wp-json\/wp\/v2\/comments?post=11233"}],"version-history":[{"count":2,"href":"https:\/\/agora.xtec.cat\/escmarquesdelapobla\/wp-json\/wp\/v2\/posts\/11233\/revisions"}],"predecessor-version":[{"id":11235,"href":"https:\/\/agora.xtec.cat\/escmarquesdelapobla\/wp-json\/wp\/v2\/posts\/11233\/revisions\/11235"}],"wp:attachment":[{"href":"https:\/\/agora.xtec.cat\/escmarquesdelapobla\/wp-json\/wp\/v2\/media?parent=11233"}],"wp:term":[{"taxonomy":"category","embeddable":true,"href":"https:\/\/agora.xtec.cat\/escmarquesdelapobla\/wp-json\/wp\/v2\/categories?post=11233"},{"taxonomy":"post_tag","embeddable":true,"href":"https:\/\/agora.xtec.cat\/escmarquesdelapobla\/wp-json\/wp\/v2\/tags?post=11233"}],"curies":[{"name":"wp","href":"https:\/\/api.w.org\/{rel}","templated":true}]}}