{"id":11221,"date":"2021-12-13T08:15:26","date_gmt":"2021-12-13T07:15:26","guid":{"rendered":"https:\/\/agora.xtec.cat\/escmarquesdelapobla\/?p=11221"},"modified":"2021-12-12T12:58:08","modified_gmt":"2021-12-12T11:58:08","slug":"nicolaus-i-llucies","status":"publish","type":"post","link":"https:\/\/agora.xtec.cat\/escmarquesdelapobla\/celebracions\/nicolaus-i-llucies\/","title":{"rendered":"Cantada dels Nicolaus i les Ll\u00facies"},"content":{"rendered":"<p>Els passats divendres 3 i 10 de desembre vam portar a terme a l&#8217;escola les cantades dels Nicolaus i les Ll\u00facies, respectivament. Es tracta d&#8217;una tradici\u00f3 pr\u00e8via al Nadal que sempre hem celebrat a l&#8217;escola i que mai deixa d&#8217;entusiasmar-nos! Gaudim molt d&#8217;aquests moments plegats als patis de l&#8217;escola, mireu quin bon dia que feia aquest divendres:<\/p>\n<p><span style=\"font-family: inherit; font-size: 1em;\"><em><a href=\"https:\/\/photos.app.goo.gl\/kLWqijTjaLNsevWp6\"><img loading=\"lazy\" decoding=\"async\" class=\"aligncenter \" src=\"https:\/\/lh3.googleusercontent.com\/_ZzRclY_oW9-JzxaMJNhZuF_ZVKZs4Sxzz-Iuujq1Aoj-BLsMJuNoOJNZl_5CGJMLDylq5GDHRUSFQ2jKSaZFD4wukjay4pX-DBusqfjHgAv0mE2rYTipiRiBp9U7d6Pmf_o-d2iKgF67CFbtNVVHptA92P5CuvKknujIwsKGxiOWdy8MMAVdwzxl5OBXTtCLaMhjeX2w4GCOljrBoELgfS1qXqaNwawG7dbSZTMrbTYqyb7O3p3ah_6UTEmLlw3t_LfnW7QQxLO4z3yhVZUVRpoUQFtvRc7JqrAcjjLLHIPLrM_eZAnNgtoUXIEIVCu1Kx3voB-xtafe74-FGdBPXSe9Z2NZ7CQ3t84QVM4lIvEkZ_t-_YpOonEMb5LY8ADFBfUb1Up06J1mrj5b8hrHvm0mccPQ3gGk5lrXIOq17r9Njq-UBTdFWiy4mifqxVOCmoCbBB1mvQGgIcS7zFher_22DqcMoDdjYsN8dVu4irBgOhlo7d7DO5nSQZzzlWbJmlQpyyy05QR_GM2E6HSleZ_KGTntteTplBiRUoymAMsiOl2_GXsKt61lr2xvhp3sD3uFvlxpOJMDKgLjRfsK143v24potTbu5q8Rrl2OWQY6eEahhGjt-4Ekz9Pa0qTWn8UyPxqeDIYdL26HapBKEqCbr0ER_BsKmON-AXw9_SUnYeggVa8mqTxd3UJ1XkMN8aIWuoA5NDjKVYkwVZuzZIA=w1024-h768-no?authuser=2\" width=\"1100\" height=\"825\" \/><\/a><br \/>\n<\/em><\/span><\/p>\n<p>Aix\u00ed que j<span style=\"font-family: inherit; font-size: 1em;\">a ho sabeu doncs, tal i com anuncia la can\u00e7\u00f3: <em>dues setmanes per Nadal!\u00a0 \ud83c\udf84\ud83c\udf81<\/em><\/span><\/p>\n","protected":false},"excerpt":{"rendered":"<p>Els passats divendres 3 i 10 de desembre vam portar a terme a l&#8217;escola les cantades dels Nicolaus i les Ll\u00facies, respectivament. Es tracta d&#8217;una tradici\u00f3 pr\u00e8via al Nadal que sempre hem celebrat a l&#8217;escola i que mai deixa d&#8217;entusiasmar-nos! Gaudim molt d&#8217;aquests moments plegats als patis de l&#8217;escola, mireu quin bon dia que feia [&hellip;]<\/p>\n","protected":false},"author":2,"featured_media":0,"comment_status":"open","ping_status":"closed","sticky":false,"template":"","format":"standard","meta":{"_bbp_topic_count":0,"_bbp_reply_count":0,"_bbp_total_topic_count":0,"_bbp_total_reply_count":0,"_bbp_voice_count":0,"_bbp_anonymous_reply_count":0,"_bbp_topic_count_hidden":0,"_bbp_reply_count_hidden":0,"_bbp_forum_subforum_count":0,"site-sidebar-layout":"default","site-content-layout":"","ast-site-content-layout":"","site-content-style":"default","site-sidebar-style":"default","ast-global-header-display":"","ast-banner-title-visibility":"","ast-main-header-display":"","ast-hfb-above-header-display":"","ast-hfb-below-header-display":"","ast-hfb-mobile-header-display":"","site-post-title":"","ast-breadcrumbs-content":"","ast-featured-img":"","footer-sml-layout":"","theme-transparent-header-meta":"","adv-header-id-meta":"","stick-header-meta":"","header-above-stick-meta":"","header-main-stick-meta":"","header-below-stick-meta":"","astra-migrate-meta-layouts":"default","ast-page-background-enabled":"default","ast-page-background-meta":{"desktop":{"background-color":"var(--ast-global-color-5)","background-image":"","background-repeat":"repeat","background-position":"center center","background-size":"auto","background-attachment":"scroll","background-type":"","background-media":"","overlay-type":"","overlay-color":"","overlay-opacity":"","overlay-gradient":""},"tablet":{"background-color":"","background-image":"","background-repeat":"repeat","background-position":"center center","background-size":"auto","background-attachment":"scroll","background-type":"","background-media":"","overlay-type":"","overlay-color":"","overlay-opacity":"","overlay-gradient":""},"mobile":{"background-color":"","background-image":"","background-repeat":"repeat","background-position":"center center","background-size":"auto","background-attachment":"scroll","background-type":"","background-media":"","overlay-type":"","overlay-color":"","overlay-opacity":"","overlay-gradient":""}},"ast-content-background-meta":{"desktop":{"background-color":"var(--ast-global-color-4)","background-image":"","background-repeat":"repeat","background-position":"center center","background-size":"auto","background-attachment":"scroll","background-type":"","background-media":"","overlay-type":"","overlay-color":"","overlay-opacity":"","overlay-gradient":""},"tablet":{"background-color":"var(--ast-global-color-4)","background-image":"","background-repeat":"repeat","background-position":"center center","background-size":"auto","background-attachment":"scroll","background-type":"","background-media":"","overlay-type":"","overlay-color":"","overlay-opacity":"","overlay-gradient":""},"mobile":{"background-color":"var(--ast-global-color-4)","background-image":"","background-repeat":"repeat","background-position":"center center","background-size":"auto","background-attachment":"scroll","background-type":"","background-media":"","overlay-type":"","overlay-color":"","overlay-opacity":"","overlay-gradient":""}},"footnotes":""},"categories":[55,114,171],"tags":[200],"class_list":["post-11221","post","type-post","status-publish","format-standard","hentry","category-celebracions","category-nadal","category-tauler-principal","tag-nadal"],"post_mailing_queue_ids":[],"_links":{"self":[{"href":"https:\/\/agora.xtec.cat\/escmarquesdelapobla\/wp-json\/wp\/v2\/posts\/11221","targetHints":{"allow":["GET"]}}],"collection":[{"href":"https:\/\/agora.xtec.cat\/escmarquesdelapobla\/wp-json\/wp\/v2\/posts"}],"about":[{"href":"https:\/\/agora.xtec.cat\/escmarquesdelapobla\/wp-json\/wp\/v2\/types\/post"}],"author":[{"embeddable":true,"href":"https:\/\/agora.xtec.cat\/escmarquesdelapobla\/wp-json\/wp\/v2\/users\/2"}],"replies":[{"embeddable":true,"href":"https:\/\/agora.xtec.cat\/escmarquesdelapobla\/wp-json\/wp\/v2\/comments?post=11221"}],"version-history":[{"count":4,"href":"https:\/\/agora.xtec.cat\/escmarquesdelapobla\/wp-json\/wp\/v2\/posts\/11221\/revisions"}],"predecessor-version":[{"id":11227,"href":"https:\/\/agora.xtec.cat\/escmarquesdelapobla\/wp-json\/wp\/v2\/posts\/11221\/revisions\/11227"}],"wp:attachment":[{"href":"https:\/\/agora.xtec.cat\/escmarquesdelapobla\/wp-json\/wp\/v2\/media?parent=11221"}],"wp:term":[{"taxonomy":"category","embeddable":true,"href":"https:\/\/agora.xtec.cat\/escmarquesdelapobla\/wp-json\/wp\/v2\/categories?post=11221"},{"taxonomy":"post_tag","embeddable":true,"href":"https:\/\/agora.xtec.cat\/escmarquesdelapobla\/wp-json\/wp\/v2\/tags?post=11221"}],"curies":[{"name":"wp","href":"https:\/\/api.w.org\/{rel}","templated":true}]}}