{"id":11191,"date":"2021-12-03T19:00:20","date_gmt":"2021-12-03T18:00:20","guid":{"rendered":"https:\/\/agora.xtec.cat\/escmarquesdelapobla\/?p=11191"},"modified":"2021-12-04T21:42:28","modified_gmt":"2021-12-04T20:42:28","slug":"la-noticia-entrevista-a-lavi-del-marti","status":"publish","type":"post","link":"https:\/\/agora.xtec.cat\/escmarquesdelapobla\/superior\/la-noticia-entrevista-a-lavi-del-marti\/","title":{"rendered":"La not\u00edcia: Entrevista a l&#8217;avi del Mart\u00ed"},"content":{"rendered":"<p style=\"text-align: justify;\"><span style=\"font-weight: 400;\"><em>Escrit per l&#8217;alumnat<\/em><\/span><\/p>\n<p style=\"text-align: justify;\"><span style=\"font-weight: 400;\">Aquest dilluns 29 de novembre l\u2019avi del Mart\u00ed va venir a la classe de 6\u00e8 A per fer-li una entrevista.<\/span><\/p>\n<p><a href=\"https:\/\/agora.xtec.cat\/escmarquesdelapobla\/superior\/la-noticia-entrevista-a-lavi-del-marti\/\"><img loading=\"lazy\" decoding=\"async\" class=\"aligncenter size-large\" src=\"https:\/\/lh3.googleusercontent.com\/pw\/AM-JKLUTDMHSVecQzLjDRaGJk4ZuqUnO9GYUV8Zkl4szQKNokha5Eel7kSupgFrDaE-yQExB3pXoVO7Qg7ivbGd1FOayuyeaC0zqWnLdOK88kfARLZgtt58HzjsDkUlu-aQ5Rh5XGlwcgNReeFtbCtW2aEZCOw=w1250-h937-no?authuser=1\" width=\"1249\" height=\"937\" \/><\/a><\/p>\n<p style=\"text-align: justify;\"><span style=\"font-weight: 400;\">El dilluns 29 de novembre els alumnes de 6\u00e8 A vam fer una entrevista a l\u2019avi del Mart\u00ed perqu\u00e8 \u00e9s pintor. Ho van fer a la classe de 6\u00e8 A. Ho vam preparar una setmana abans. Primer el Mart\u00ed ens va fer una presentaci\u00f3 explicant-nos com es diu, on va n\u00e9ixer i on viu. <\/span><\/p>\n<p><!--more--><\/p>\n<p style=\"text-align: justify;\"><span style=\"font-weight: 400;\">Despr\u00e9s el alumnes de 6\u00e8 A li vam fer preguntes sobre les seves pintures i la pintura, com per exemple quina va ser la seva primera obra o en quina edat va comen\u00e7ar a pintar. Despr\u00e9s de 24 preguntes vam passar a les preguntes m\u00e9s personals com per exemple quines aficions t\u00e9.<\/span><\/p>\n<p style=\"text-align: justify;\"><span style=\"font-weight: 400;\">Finalment ens va ensenyar tres quadres de diferents estils: abstracte, hiperrealisme i realista. Per \u00faltim ens vam fer una foto, tots nosaltres amb l\u2019avi del Mart\u00ed i els quadres que va pintar.<\/span><\/p>\n<p style=\"text-align: justify;\"><span style=\"font-weight: 400;\">Naiara Ense\u00f1at \u2013 6\u00e8A<\/span><\/p>\n","protected":false},"excerpt":{"rendered":"<p>Escrit per l&#8217;alumnat Aquest dilluns 29 de novembre l\u2019avi del Mart\u00ed va venir a la classe de 6\u00e8 A per fer-li una entrevista. El dilluns 29 de novembre els alumnes de 6\u00e8 A vam fer una entrevista a l\u2019avi del Mart\u00ed perqu\u00e8 \u00e9s pintor. Ho van fer a la classe de 6\u00e8 A. Ho vam [&hellip;]<\/p>\n","protected":false},"author":2,"featured_media":0,"comment_status":"open","ping_status":"closed","sticky":false,"template":"","format":"standard","meta":{"_bbp_topic_count":0,"_bbp_reply_count":0,"_bbp_total_topic_count":0,"_bbp_total_reply_count":0,"_bbp_voice_count":0,"_bbp_anonymous_reply_count":0,"_bbp_topic_count_hidden":0,"_bbp_reply_count_hidden":0,"_bbp_forum_subforum_count":0,"site-sidebar-layout":"default","site-content-layout":"","ast-site-content-layout":"","site-content-style":"default","site-sidebar-style":"default","ast-global-header-display":"","ast-banner-title-visibility":"","ast-main-header-display":"","ast-hfb-above-header-display":"","ast-hfb-below-header-display":"","ast-hfb-mobile-header-display":"","site-post-title":"","ast-breadcrumbs-content":"","ast-featured-img":"","footer-sml-layout":"","theme-transparent-header-meta":"","adv-header-id-meta":"","stick-header-meta":"","header-above-stick-meta":"","header-main-stick-meta":"","header-below-stick-meta":"","astra-migrate-meta-layouts":"default","ast-page-background-enabled":"default","ast-page-background-meta":{"desktop":{"background-color":"var(--ast-global-color-5)","background-image":"","background-repeat":"repeat","background-position":"center center","background-size":"auto","background-attachment":"scroll","background-type":"","background-media":"","overlay-type":"","overlay-color":"","overlay-opacity":"","overlay-gradient":""},"tablet":{"background-color":"","background-image":"","background-repeat":"repeat","background-position":"center center","background-size":"auto","background-attachment":"scroll","background-type":"","background-media":"","overlay-type":"","overlay-color":"","overlay-opacity":"","overlay-gradient":""},"mobile":{"background-color":"","background-image":"","background-repeat":"repeat","background-position":"center center","background-size":"auto","background-attachment":"scroll","background-type":"","background-media":"","overlay-type":"","overlay-color":"","overlay-opacity":"","overlay-gradient":""}},"ast-content-background-meta":{"desktop":{"background-color":"var(--ast-global-color-4)","background-image":"","background-repeat":"repeat","background-position":"center center","background-size":"auto","background-attachment":"scroll","background-type":"","background-media":"","overlay-type":"","overlay-color":"","overlay-opacity":"","overlay-gradient":""},"tablet":{"background-color":"var(--ast-global-color-4)","background-image":"","background-repeat":"repeat","background-position":"center center","background-size":"auto","background-attachment":"scroll","background-type":"","background-media":"","overlay-type":"","overlay-color":"","overlay-opacity":"","overlay-gradient":""},"mobile":{"background-color":"var(--ast-global-color-4)","background-image":"","background-repeat":"repeat","background-position":"center center","background-size":"auto","background-attachment":"scroll","background-type":"","background-media":"","overlay-type":"","overlay-color":"","overlay-opacity":"","overlay-gradient":""}},"footnotes":""},"categories":[5,133],"tags":[211],"class_list":["post-11191","post","type-post","status-publish","format-standard","hentry","category-superior","category-p6","tag-p6a"],"post_mailing_queue_ids":[],"_links":{"self":[{"href":"https:\/\/agora.xtec.cat\/escmarquesdelapobla\/wp-json\/wp\/v2\/posts\/11191","targetHints":{"allow":["GET"]}}],"collection":[{"href":"https:\/\/agora.xtec.cat\/escmarquesdelapobla\/wp-json\/wp\/v2\/posts"}],"about":[{"href":"https:\/\/agora.xtec.cat\/escmarquesdelapobla\/wp-json\/wp\/v2\/types\/post"}],"author":[{"embeddable":true,"href":"https:\/\/agora.xtec.cat\/escmarquesdelapobla\/wp-json\/wp\/v2\/users\/2"}],"replies":[{"embeddable":true,"href":"https:\/\/agora.xtec.cat\/escmarquesdelapobla\/wp-json\/wp\/v2\/comments?post=11191"}],"version-history":[{"count":3,"href":"https:\/\/agora.xtec.cat\/escmarquesdelapobla\/wp-json\/wp\/v2\/posts\/11191\/revisions"}],"predecessor-version":[{"id":11206,"href":"https:\/\/agora.xtec.cat\/escmarquesdelapobla\/wp-json\/wp\/v2\/posts\/11191\/revisions\/11206"}],"wp:attachment":[{"href":"https:\/\/agora.xtec.cat\/escmarquesdelapobla\/wp-json\/wp\/v2\/media?parent=11191"}],"wp:term":[{"taxonomy":"category","embeddable":true,"href":"https:\/\/agora.xtec.cat\/escmarquesdelapobla\/wp-json\/wp\/v2\/categories?post=11191"},{"taxonomy":"post_tag","embeddable":true,"href":"https:\/\/agora.xtec.cat\/escmarquesdelapobla\/wp-json\/wp\/v2\/tags?post=11191"}],"curies":[{"name":"wp","href":"https:\/\/api.w.org\/{rel}","templated":true}]}}