{"id":11150,"date":"2021-11-26T11:18:45","date_gmt":"2021-11-26T10:18:45","guid":{"rendered":"https:\/\/agora.xtec.cat\/escmarquesdelapobla\/?p=11150"},"modified":"2021-11-26T11:23:00","modified_gmt":"2021-11-26T10:23:00","slug":"sise-visitem-lorgue","status":"publish","type":"post","link":"https:\/\/agora.xtec.cat\/escmarquesdelapobla\/superior\/sise-visitem-lorgue\/","title":{"rendered":"Sis\u00e8 visitem l&#8217;orgue"},"content":{"rendered":"<p style=\"text-align: justify;\">Com ja va sent tradici\u00f3 a l&#8217;escola, avui les classes de sis\u00e8 hem anat a visitar l&#8217;orgue que hi ha a l&#8217;esgl\u00e9sia de Capellades. Es tracta d&#8217;un instrument de vent metall i que t\u00e9 un so molt caracter\u00edstic. \u00c9s espectacular la manera com sona!<\/p>\n<p><a href=\"https:\/\/photos.app.goo.gl\/KkoUKjLA5V2dHzWN7\"><img loading=\"lazy\" decoding=\"async\" class=\"aligncenter size-large\" src=\"https:\/\/lh3.googleusercontent.com\/upYWXUaNcND0T-0kWoZayRdrResLlN_LWWuCDDvlpgFFeyIPMY6s2OPRGsqmvqTXr8pXKlma9kSkc-tCq9td2fJc8icCzTj9KaKR6215K1hkNgRjLCM-hsRKMTczBY7lI6sIIFzglGXFiUUxmQrbpA4-XNhBcMXzhsx0htbJRt2A4i46QjwwGyjIBcDUnksDWmI-cTbhG6JQgLT4uD4MA-103j7I4uH6tUzAk8Hqg55-fC3yzvwum40YjgZATEGxOVODa7RcWDl0qE-ROA9GstGwFyswjvbYkC5ynUea7ChTeEcuoOmXT5GwQbaKZG1GulSyby5qw1VSSCCehQXVEmPoC0ee4k535O6ppIqwSDlQLx1IGxSMCZRJrZveEjN3stMwCtHM0A-ADU8MGMAhDDhAI1ZL2xLG2i6m00U4GSS3bgjA92_jQgWwR4Prmm0kJ7XxbF0DqbdEM9_RtZzXZC3e4HH8ocOLU40x7WSzXdcN4qUrNoiijOwIkis-dPsbfAEzYJ3ZHm7uaRHOmlWadcux1zR8oxmBel7pwgJFYuzXT6Q3frVIM4XGIYWRcqdansJ5X6KKY6gndW41uuRQaSGEetoNYwqFWKgIW6p4HrNMgfLr_RlyT-8BmuN5NGVbcvXULpsQIxUaRcC0o-nmfEVCwEJE5tIO8ba-5KVrr71kexLvjYXn8-c5_0BTMMeHoFq8BluiVLNqqWU2e1hwqnuu=w1048-h786-no?authuser=0\" width=\"1048\" height=\"786\" \/><\/a><\/p>\n<p style=\"text-align: justify;\">Ha sigut un taller musical molt educatiu a c\u00e0rrec del Jonathan Carb\u00f3, que ens ha explicat moltes coses que no sab\u00edem sobre aquest tema i sobre la hist\u00f2ria de l&#8217;instrument. Moltes gr\u00e0cies!!<\/p>\n","protected":false},"excerpt":{"rendered":"<p>Com ja va sent tradici\u00f3 a l&#8217;escola, avui les classes de sis\u00e8 hem anat a visitar l&#8217;orgue que hi ha a l&#8217;esgl\u00e9sia de Capellades. Es tracta d&#8217;un instrument de vent metall i que t\u00e9 un so molt caracter\u00edstic. \u00c9s espectacular la manera com sona! Ha sigut un taller musical molt educatiu a c\u00e0rrec del Jonathan [&hellip;]<\/p>\n","protected":false},"author":2,"featured_media":0,"comment_status":"open","ping_status":"closed","sticky":false,"template":"","format":"standard","meta":{"_bbp_topic_count":0,"_bbp_reply_count":0,"_bbp_total_topic_count":0,"_bbp_total_reply_count":0,"_bbp_voice_count":0,"_bbp_anonymous_reply_count":0,"_bbp_topic_count_hidden":0,"_bbp_reply_count_hidden":0,"_bbp_forum_subforum_count":0,"site-sidebar-layout":"default","site-content-layout":"","ast-site-content-layout":"","site-content-style":"default","site-sidebar-style":"default","ast-global-header-display":"","ast-banner-title-visibility":"","ast-main-header-display":"","ast-hfb-above-header-display":"","ast-hfb-below-header-display":"","ast-hfb-mobile-header-display":"","site-post-title":"","ast-breadcrumbs-content":"","ast-featured-img":"","footer-sml-layout":"","theme-transparent-header-meta":"","adv-header-id-meta":"","stick-header-meta":"","header-above-stick-meta":"","header-main-stick-meta":"","header-below-stick-meta":"","astra-migrate-meta-layouts":"default","ast-page-background-enabled":"default","ast-page-background-meta":{"desktop":{"background-color":"var(--ast-global-color-5)","background-image":"","background-repeat":"repeat","background-position":"center center","background-size":"auto","background-attachment":"scroll","background-type":"","background-media":"","overlay-type":"","overlay-color":"","overlay-opacity":"","overlay-gradient":""},"tablet":{"background-color":"","background-image":"","background-repeat":"repeat","background-position":"center center","background-size":"auto","background-attachment":"scroll","background-type":"","background-media":"","overlay-type":"","overlay-color":"","overlay-opacity":"","overlay-gradient":""},"mobile":{"background-color":"","background-image":"","background-repeat":"repeat","background-position":"center center","background-size":"auto","background-attachment":"scroll","background-type":"","background-media":"","overlay-type":"","overlay-color":"","overlay-opacity":"","overlay-gradient":""}},"ast-content-background-meta":{"desktop":{"background-color":"var(--ast-global-color-4)","background-image":"","background-repeat":"repeat","background-position":"center center","background-size":"auto","background-attachment":"scroll","background-type":"","background-media":"","overlay-type":"","overlay-color":"","overlay-opacity":"","overlay-gradient":""},"tablet":{"background-color":"var(--ast-global-color-4)","background-image":"","background-repeat":"repeat","background-position":"center center","background-size":"auto","background-attachment":"scroll","background-type":"","background-media":"","overlay-type":"","overlay-color":"","overlay-opacity":"","overlay-gradient":""},"mobile":{"background-color":"var(--ast-global-color-4)","background-image":"","background-repeat":"repeat","background-position":"center center","background-size":"auto","background-attachment":"scroll","background-type":"","background-media":"","overlay-type":"","overlay-color":"","overlay-opacity":"","overlay-gradient":""}},"footnotes":""},"categories":[5,126,133],"tags":[207,211,212,262],"class_list":["post-11150","post","type-post","status-publish","format-standard","hentry","category-superior","category-musica","category-p6","tag-musica","tag-p6a","tag-p6b","tag-p6c"],"post_mailing_queue_ids":[],"_links":{"self":[{"href":"https:\/\/agora.xtec.cat\/escmarquesdelapobla\/wp-json\/wp\/v2\/posts\/11150","targetHints":{"allow":["GET"]}}],"collection":[{"href":"https:\/\/agora.xtec.cat\/escmarquesdelapobla\/wp-json\/wp\/v2\/posts"}],"about":[{"href":"https:\/\/agora.xtec.cat\/escmarquesdelapobla\/wp-json\/wp\/v2\/types\/post"}],"author":[{"embeddable":true,"href":"https:\/\/agora.xtec.cat\/escmarquesdelapobla\/wp-json\/wp\/v2\/users\/2"}],"replies":[{"embeddable":true,"href":"https:\/\/agora.xtec.cat\/escmarquesdelapobla\/wp-json\/wp\/v2\/comments?post=11150"}],"version-history":[{"count":3,"href":"https:\/\/agora.xtec.cat\/escmarquesdelapobla\/wp-json\/wp\/v2\/posts\/11150\/revisions"}],"predecessor-version":[{"id":11165,"href":"https:\/\/agora.xtec.cat\/escmarquesdelapobla\/wp-json\/wp\/v2\/posts\/11150\/revisions\/11165"}],"wp:attachment":[{"href":"https:\/\/agora.xtec.cat\/escmarquesdelapobla\/wp-json\/wp\/v2\/media?parent=11150"}],"wp:term":[{"taxonomy":"category","embeddable":true,"href":"https:\/\/agora.xtec.cat\/escmarquesdelapobla\/wp-json\/wp\/v2\/categories?post=11150"},{"taxonomy":"post_tag","embeddable":true,"href":"https:\/\/agora.xtec.cat\/escmarquesdelapobla\/wp-json\/wp\/v2\/tags?post=11150"}],"curies":[{"name":"wp","href":"https:\/\/api.w.org\/{rel}","templated":true}]}}