{"id":10962,"date":"2021-11-04T13:12:10","date_gmt":"2021-11-04T12:12:10","guid":{"rendered":"https:\/\/agora.xtec.cat\/escmarquesdelapobla\/?p=10962"},"modified":"2021-11-06T11:39:12","modified_gmt":"2021-11-06T10:39:12","slug":"projecte-del-grup-b-de-4t","status":"publish","type":"post","link":"https:\/\/agora.xtec.cat\/escmarquesdelapobla\/mitja\/projecte-del-grup-b-de-4t\/","title":{"rendered":"Projecte del grup B de 4t"},"content":{"rendered":"<p><span style=\"font-weight: 400;\"><em>Escrit per l\u2019alumnat<\/em><br \/>\n<\/span><\/p>\n<p style=\"text-align: justify;\"><span style=\"font-weight: 400;\">Aquesta setmana a projecte hem fet els nostres personatges de plastilina perqu\u00e8 farem una pel\u00b7l\u00edcula!<\/span><\/p>\n<p><a href=\"https:\/\/photos.app.goo.gl\/C2yKJXEsrvwHHWrq7\"><img loading=\"lazy\" decoding=\"async\" class=\"aligncenter wp-image-10964\" src=\"https:\/\/agora.xtec.cat\/escmarquesdelapobla\/wp-content\/uploads\/usu1682\/2021\/11\/Personatgges-1024x576.jpg\" alt=\"\" width=\"1325\" height=\"746\" srcset=\"https:\/\/agora.xtec.cat\/escmarquesdelapobla\/wp-content\/uploads\/usu1682\/2021\/11\/Personatgges-1024x576.jpg 1024w, https:\/\/agora.xtec.cat\/escmarquesdelapobla\/wp-content\/uploads\/usu1682\/2021\/11\/Personatgges-300x169.jpg 300w, https:\/\/agora.xtec.cat\/escmarquesdelapobla\/wp-content\/uploads\/usu1682\/2021\/11\/Personatgges-768x432.jpg 768w, https:\/\/agora.xtec.cat\/escmarquesdelapobla\/wp-content\/uploads\/usu1682\/2021\/11\/Personatgges-1536x864.jpg 1536w, https:\/\/agora.xtec.cat\/escmarquesdelapobla\/wp-content\/uploads\/usu1682\/2021\/11\/Personatgges.jpg 1600w\" sizes=\"auto, (max-width: 1325px) 100vw, 1325px\" \/><\/a><\/p>\n<p style=\"text-align: justify;\"><span style=\"font-weight: 400;\">Hem decidit que la plastilina era la millor opci\u00f3, per que es el material que te mes propietats que van b\u00e9 per la peli.\u00a0 La pel\u00b7l\u00edcula durar\u00e0 de 2 a 5 minuts. Primer hem dibuixat el personatge, despr\u00e9s hem posat totes les dades d&#8217;ell i despr\u00e9s ho hem descrit a la llibreta. <\/span><\/p>\n<p style=\"text-align: justify;\"><span style=\"font-weight: 400;\">Ara ens estem fent personatges i hi ha molt interessants. Com hi havia tants colors de plastilina podem ser m\u00e9s creatius!\u00a0<\/span><\/p>\n","protected":false},"excerpt":{"rendered":"<p>Escrit per l\u2019alumnat Aquesta setmana a projecte hem fet els nostres personatges de plastilina perqu\u00e8 farem una pel\u00b7l\u00edcula! Hem decidit que la plastilina era la millor opci\u00f3, per que es el material que te mes propietats que van b\u00e9 per la peli.\u00a0 La pel\u00b7l\u00edcula durar\u00e0 de 2 a 5 minuts. Primer hem dibuixat el personatge, [&hellip;]<\/p>\n","protected":false},"author":1,"featured_media":0,"comment_status":"open","ping_status":"closed","sticky":false,"template":"","format":"standard","meta":{"_bbp_topic_count":0,"_bbp_reply_count":0,"_bbp_total_topic_count":0,"_bbp_total_reply_count":0,"_bbp_voice_count":0,"_bbp_anonymous_reply_count":0,"_bbp_topic_count_hidden":0,"_bbp_reply_count_hidden":0,"_bbp_forum_subforum_count":0,"site-sidebar-layout":"default","site-content-layout":"","ast-site-content-layout":"","site-content-style":"default","site-sidebar-style":"default","ast-global-header-display":"","ast-banner-title-visibility":"","ast-main-header-display":"","ast-hfb-above-header-display":"","ast-hfb-below-header-display":"","ast-hfb-mobile-header-display":"","site-post-title":"","ast-breadcrumbs-content":"","ast-featured-img":"","footer-sml-layout":"","theme-transparent-header-meta":"","adv-header-id-meta":"","stick-header-meta":"","header-above-stick-meta":"","header-main-stick-meta":"","header-below-stick-meta":"","astra-migrate-meta-layouts":"default","ast-page-background-enabled":"default","ast-page-background-meta":{"desktop":{"background-color":"var(--ast-global-color-5)","background-image":"","background-repeat":"repeat","background-position":"center center","background-size":"auto","background-attachment":"scroll","background-type":"","background-media":"","overlay-type":"","overlay-color":"","overlay-opacity":"","overlay-gradient":""},"tablet":{"background-color":"","background-image":"","background-repeat":"repeat","background-position":"center center","background-size":"auto","background-attachment":"scroll","background-type":"","background-media":"","overlay-type":"","overlay-color":"","overlay-opacity":"","overlay-gradient":""},"mobile":{"background-color":"","background-image":"","background-repeat":"repeat","background-position":"center center","background-size":"auto","background-attachment":"scroll","background-type":"","background-media":"","overlay-type":"","overlay-color":"","overlay-opacity":"","overlay-gradient":""}},"ast-content-background-meta":{"desktop":{"background-color":"var(--ast-global-color-4)","background-image":"","background-repeat":"repeat","background-position":"center center","background-size":"auto","background-attachment":"scroll","background-type":"","background-media":"","overlay-type":"","overlay-color":"","overlay-opacity":"","overlay-gradient":""},"tablet":{"background-color":"var(--ast-global-color-4)","background-image":"","background-repeat":"repeat","background-position":"center center","background-size":"auto","background-attachment":"scroll","background-type":"","background-media":"","overlay-type":"","overlay-color":"","overlay-opacity":"","overlay-gradient":""},"mobile":{"background-color":"var(--ast-global-color-4)","background-image":"","background-repeat":"repeat","background-position":"center center","background-size":"auto","background-attachment":"scroll","background-type":"","background-media":"","overlay-type":"","overlay-color":"","overlay-opacity":"","overlay-gradient":""}},"footnotes":""},"categories":[65,139],"tags":[188,218],"class_list":["post-10962","post","type-post","status-publish","format-standard","hentry","category-mitja","category-p4","tag-p4b","tag-projectes"],"post_mailing_queue_ids":[],"_links":{"self":[{"href":"https:\/\/agora.xtec.cat\/escmarquesdelapobla\/wp-json\/wp\/v2\/posts\/10962","targetHints":{"allow":["GET"]}}],"collection":[{"href":"https:\/\/agora.xtec.cat\/escmarquesdelapobla\/wp-json\/wp\/v2\/posts"}],"about":[{"href":"https:\/\/agora.xtec.cat\/escmarquesdelapobla\/wp-json\/wp\/v2\/types\/post"}],"author":[{"embeddable":true,"href":"https:\/\/agora.xtec.cat\/escmarquesdelapobla\/wp-json\/wp\/v2\/users\/1"}],"replies":[{"embeddable":true,"href":"https:\/\/agora.xtec.cat\/escmarquesdelapobla\/wp-json\/wp\/v2\/comments?post=10962"}],"version-history":[{"count":3,"href":"https:\/\/agora.xtec.cat\/escmarquesdelapobla\/wp-json\/wp\/v2\/posts\/10962\/revisions"}],"predecessor-version":[{"id":10981,"href":"https:\/\/agora.xtec.cat\/escmarquesdelapobla\/wp-json\/wp\/v2\/posts\/10962\/revisions\/10981"}],"wp:attachment":[{"href":"https:\/\/agora.xtec.cat\/escmarquesdelapobla\/wp-json\/wp\/v2\/media?parent=10962"}],"wp:term":[{"taxonomy":"category","embeddable":true,"href":"https:\/\/agora.xtec.cat\/escmarquesdelapobla\/wp-json\/wp\/v2\/categories?post=10962"},{"taxonomy":"post_tag","embeddable":true,"href":"https:\/\/agora.xtec.cat\/escmarquesdelapobla\/wp-json\/wp\/v2\/tags?post=10962"}],"curies":[{"name":"wp","href":"https:\/\/api.w.org\/{rel}","templated":true}]}}