{"id":10864,"date":"2021-10-21T15:57:42","date_gmt":"2021-10-21T13:57:42","guid":{"rendered":"https:\/\/agora.xtec.cat\/escmarquesdelapobla\/?p=10864"},"modified":"2021-10-21T15:58:21","modified_gmt":"2021-10-21T13:58:21","slug":"perspectiva-a-cicle-superior","status":"publish","type":"post","link":"https:\/\/agora.xtec.cat\/escmarquesdelapobla\/superior\/perspectiva-a-cicle-superior\/","title":{"rendered":"Perspectiva a Cicle Superior"},"content":{"rendered":"<p style=\"text-align: justify;\">Els alumnes de 5\u00e8 i 6\u00e8 hem treballat la perspectiva. Hem dibuixat uns edificis en perspectiva que \u00e9s com si f\u00e9ssim una foto des de a sota dels edificis.<\/p>\n<p><a href=\"https:\/\/photos.app.goo.gl\/jxSZwv9uQpprX3KNA\"><img loading=\"lazy\" decoding=\"async\" class=\"aligncenter \" src=\"https:\/\/lh3.googleusercontent.com\/00kQVaoQz1t7WsrYW5car1phoy0sO8Y0rJTvTv0i8xAXSzpp6Umnpheuc30V1XqOb04ndXWObXPreQ_K-9MMz-ofp3xKCtdFIkIaTe7L28l2lphZj_xh4cY6WEw9ndru63eXNPf5n8n7aiSWz41qPLfLdgwL3ue30BW6wHN0Qt1BS4Hv_-WWookAcdVgRHyWLLniUyyPQvF8DOd6xVj1n0HguU6mM-XtqxW5M2EKspqlQahivegyAP6MMjrYnghP2xVKDdh5c8WxzkbCIaLNpZd7ypDriCKtEMw03qDbIjvO_wcj4z5J0hXnAqTv4VUEp9IXiZN0Wk2bHEgrBKXkg7qwEsskDd7SalFeJPiqThvR63g8wrHKnqZn9HWSwcD-dDAfYyYwZtUvpCDjeU43qYh-0-bBy9Jv0c3duAN8h5oGpEWz2x76PJx7dUVZScp_Zt2YKiWooFyblOOcIz6KtKrNqndl-DV5SCtfkaKPlFexqX26vu9Izcmsdtz7hKxrCDCT1oAeWQT5GiaPWiaHirBZiVgdYQOwqYaGpNY7Hhd6x_Ff1evk_gL4o81Hfv_WeOpWriJjIuLY3Wi2YWSnsL6cS-iFxEd-QPoRogI-5sbvDqjz8QVw7koTd3jC6aEp4CMb2pSYC9KrC-GbOVSuI8RO8_DwSXz5U3IYuc1wWQ3LuHNgXkymRigavWuHXLPDp0o1p2yjbWSkbACjyY_b6jE=w478-h358-no?authuser=2\" width=\"1414\" height=\"1061\" \/><\/a><\/p>\n<p style=\"text-align: justify;\">Primer vam dibuixar un punt de fuga al mig del paper, despr\u00e9s vam fer l\u00ednies\u00a0 per fer uns edificis tamb\u00e9 els vam repassar amb negre i vam fer els nostres dissenys, per \u00faltim vam pintar una cartolina amb aquarel\u00b7les i vam enganxar els edificis.<\/p>\n<p style=\"text-align: justify;\">ENS VAN QUEDAR MOLT BONICS, NO CREIEU!!??<\/p>\n<p style=\"text-align: justify;\">Mart\u00ed, Naiara i Arlet (6\u00e8A)<\/p>\n","protected":false},"excerpt":{"rendered":"<p>Els alumnes de 5\u00e8 i 6\u00e8 hem treballat la perspectiva. Hem dibuixat uns edificis en perspectiva que \u00e9s com si f\u00e9ssim una foto des de a sota dels edificis. Primer vam dibuixar un punt de fuga al mig del paper, despr\u00e9s vam fer l\u00ednies\u00a0 per fer uns edificis tamb\u00e9 els vam repassar amb negre i [&hellip;]<\/p>\n","protected":false},"author":2,"featured_media":0,"comment_status":"open","ping_status":"closed","sticky":false,"template":"","format":"standard","meta":{"_bbp_topic_count":0,"_bbp_reply_count":0,"_bbp_total_topic_count":0,"_bbp_total_reply_count":0,"_bbp_voice_count":0,"_bbp_anonymous_reply_count":0,"_bbp_topic_count_hidden":0,"_bbp_reply_count_hidden":0,"_bbp_forum_subforum_count":0,"site-sidebar-layout":"default","site-content-layout":"","ast-site-content-layout":"","site-content-style":"default","site-sidebar-style":"default","ast-global-header-display":"","ast-banner-title-visibility":"","ast-main-header-display":"","ast-hfb-above-header-display":"","ast-hfb-below-header-display":"","ast-hfb-mobile-header-display":"","site-post-title":"","ast-breadcrumbs-content":"","ast-featured-img":"","footer-sml-layout":"","theme-transparent-header-meta":"","adv-header-id-meta":"","stick-header-meta":"","header-above-stick-meta":"","header-main-stick-meta":"","header-below-stick-meta":"","astra-migrate-meta-layouts":"default","ast-page-background-enabled":"default","ast-page-background-meta":{"desktop":{"background-color":"var(--ast-global-color-5)","background-image":"","background-repeat":"repeat","background-position":"center center","background-size":"auto","background-attachment":"scroll","background-type":"","background-media":"","overlay-type":"","overlay-color":"","overlay-opacity":"","overlay-gradient":""},"tablet":{"background-color":"","background-image":"","background-repeat":"repeat","background-position":"center center","background-size":"auto","background-attachment":"scroll","background-type":"","background-media":"","overlay-type":"","overlay-color":"","overlay-opacity":"","overlay-gradient":""},"mobile":{"background-color":"","background-image":"","background-repeat":"repeat","background-position":"center center","background-size":"auto","background-attachment":"scroll","background-type":"","background-media":"","overlay-type":"","overlay-color":"","overlay-opacity":"","overlay-gradient":""}},"ast-content-background-meta":{"desktop":{"background-color":"var(--ast-global-color-4)","background-image":"","background-repeat":"repeat","background-position":"center center","background-size":"auto","background-attachment":"scroll","background-type":"","background-media":"","overlay-type":"","overlay-color":"","overlay-opacity":"","overlay-gradient":""},"tablet":{"background-color":"var(--ast-global-color-4)","background-image":"","background-repeat":"repeat","background-position":"center center","background-size":"auto","background-attachment":"scroll","background-type":"","background-media":"","overlay-type":"","overlay-color":"","overlay-opacity":"","overlay-gradient":""},"mobile":{"background-color":"var(--ast-global-color-4)","background-image":"","background-repeat":"repeat","background-position":"center center","background-size":"auto","background-attachment":"scroll","background-type":"","background-media":"","overlay-type":"","overlay-color":"","overlay-opacity":"","overlay-gradient":""}},"footnotes":""},"categories":[244,5,14,133],"tags":[242,245,190,191,211,212,262],"class_list":["post-10864","post","type-post","status-publish","format-standard","hentry","category-art","category-superior","category-p5","category-p6","tag-5e-c","tag-art","tag-p5a","tag-p5b","tag-p6a","tag-p6b","tag-p6c"],"post_mailing_queue_ids":[],"_links":{"self":[{"href":"https:\/\/agora.xtec.cat\/escmarquesdelapobla\/wp-json\/wp\/v2\/posts\/10864","targetHints":{"allow":["GET"]}}],"collection":[{"href":"https:\/\/agora.xtec.cat\/escmarquesdelapobla\/wp-json\/wp\/v2\/posts"}],"about":[{"href":"https:\/\/agora.xtec.cat\/escmarquesdelapobla\/wp-json\/wp\/v2\/types\/post"}],"author":[{"embeddable":true,"href":"https:\/\/agora.xtec.cat\/escmarquesdelapobla\/wp-json\/wp\/v2\/users\/2"}],"replies":[{"embeddable":true,"href":"https:\/\/agora.xtec.cat\/escmarquesdelapobla\/wp-json\/wp\/v2\/comments?post=10864"}],"version-history":[{"count":2,"href":"https:\/\/agora.xtec.cat\/escmarquesdelapobla\/wp-json\/wp\/v2\/posts\/10864\/revisions"}],"predecessor-version":[{"id":10866,"href":"https:\/\/agora.xtec.cat\/escmarquesdelapobla\/wp-json\/wp\/v2\/posts\/10864\/revisions\/10866"}],"wp:attachment":[{"href":"https:\/\/agora.xtec.cat\/escmarquesdelapobla\/wp-json\/wp\/v2\/media?parent=10864"}],"wp:term":[{"taxonomy":"category","embeddable":true,"href":"https:\/\/agora.xtec.cat\/escmarquesdelapobla\/wp-json\/wp\/v2\/categories?post=10864"},{"taxonomy":"post_tag","embeddable":true,"href":"https:\/\/agora.xtec.cat\/escmarquesdelapobla\/wp-json\/wp\/v2\/tags?post=10864"}],"curies":[{"name":"wp","href":"https:\/\/api.w.org\/{rel}","templated":true}]}}