{"id":10533,"date":"2021-09-13T08:00:10","date_gmt":"2021-09-13T06:00:10","guid":{"rendered":"https:\/\/agora.xtec.cat\/escmarquesdelapobla\/?p=10533"},"modified":"2021-09-14T10:02:29","modified_gmt":"2021-09-14T08:02:29","slug":"paraules-de-benvinguda-als-alumnes-i-families","status":"publish","type":"post","link":"https:\/\/agora.xtec.cat\/escmarquesdelapobla\/escola\/paraules-de-benvinguda-als-alumnes-i-families\/","title":{"rendered":"Paraules de benvinguda als alumnes i fam\u00edlies"},"content":{"rendered":"<p style=\"text-align: justify;\"><span style=\"font-weight: 400;\">Tot a punt?<\/span><\/p>\n<p style=\"text-align: justify;\"><span style=\"font-weight: 400;\">S\u00ed\u00ed\u00ed\u00ed\u00ed\u00ed, les portes s\u00f3n obertes, el p\u00fablic pot passar. <\/span><span style=\"font-weight: 400;\">Per\u00f2\u2026 segur que est\u00e0 tot a punt????<\/span><\/p>\n<p style=\"text-align: justify;\"><span style=\"font-weight: 400;\">S\u00ed\u00ed\u00ed\u00ed! Les aules han estat pintades de nou, decorades precios\u00edssimes, curulles de material per jugar, aprendre, descobrir, relacionar-nos i sorprendre\u2019ns.<\/span><\/p>\n<p style=\"text-align: justify;\"><span style=\"font-weight: 400;\">Llum&#8230; i llums&#8230; i llumetes.<\/span><\/p>\n<p style=\"text-align: justify;\"><span style=\"font-weight: 400;\">So&#8230; sons&#8230; i m\u00fasica.<\/span><\/p>\n<p style=\"text-align: justify;\"><span style=\"font-weight: 400;\">I qu\u00e8 m\u00e9s?<\/span><\/p>\n<p style=\"text-align: justify;\"><span style=\"font-weight: 400;\">Els actors i actrius d\u2019aquesta obra tenen el paper ben apr\u00e8s, fa dies que preparen aquest dia, l\u2019estrena anual. <\/span><span style=\"font-weight: 400;\">Doncsss\u2026<\/span><\/p>\n<p style=\"text-align: justify;\"><b>QUE S&#8217;AIXEQUI EL TEL\u00d3! \ud83c\udfad<\/b><\/p>\n<p style=\"text-align: justify;\"><img loading=\"lazy\" decoding=\"async\" class=\"alignnone size-full wp-image-10554\" src=\"https:\/\/agora.xtec.cat\/escmarquesdelapobla\/wp-content\/uploads\/usu1682\/2021\/09\/83496b2b-3994-45f5-8b2d-9067cf5dc3ea.jpg\" alt=\"\" width=\"2048\" height=\"527\" srcset=\"https:\/\/agora.xtec.cat\/escmarquesdelapobla\/wp-content\/uploads\/usu1682\/2021\/09\/83496b2b-3994-45f5-8b2d-9067cf5dc3ea.jpg 2048w, https:\/\/agora.xtec.cat\/escmarquesdelapobla\/wp-content\/uploads\/usu1682\/2021\/09\/83496b2b-3994-45f5-8b2d-9067cf5dc3ea-300x77.jpg 300w, https:\/\/agora.xtec.cat\/escmarquesdelapobla\/wp-content\/uploads\/usu1682\/2021\/09\/83496b2b-3994-45f5-8b2d-9067cf5dc3ea-1024x264.jpg 1024w, https:\/\/agora.xtec.cat\/escmarquesdelapobla\/wp-content\/uploads\/usu1682\/2021\/09\/83496b2b-3994-45f5-8b2d-9067cf5dc3ea-768x198.jpg 768w, https:\/\/agora.xtec.cat\/escmarquesdelapobla\/wp-content\/uploads\/usu1682\/2021\/09\/83496b2b-3994-45f5-8b2d-9067cf5dc3ea-1536x395.jpg 1536w\" sizes=\"auto, (max-width: 2048px) 100vw, 2048px\" \/><\/p>\n<p style=\"text-align: justify;\"><span style=\"font-weight: 400;\">Molts nervis&#8230; Sempre estem nerviosos abans de comen\u00e7ar una funci\u00f3&#8230; i<\/span><span style=\"font-weight: 400;\">\u00a0emocionats. Un treball en equip que es mostra i es gaudeix.<\/span><\/p>\n<p style=\"text-align: justify;\"><span style=\"font-weight: 400;\">Tothom al seu lloc. <\/span><b>Que s\u2019aixequi el tel\u00f3. <\/b>D<span style=\"font-weight: 400;\">onem pas a un espectacle fascinant, on els nens i nenes de Capellades i rodalies dirigiran l\u2019argument d\u2019aquesta obra cap un m\u00f3n tan fant\u00e0stic com real. <\/span><span style=\"font-weight: 400;\">M\u00f3n dels somnis, m\u00f3n de les oportunitats, de la llibertat, del saber\u2026 <\/span><span style=\"font-weight: 400;\">El m\u00f3n imprescindible de la cultura!<\/span><\/p>\n<p style=\"text-align: justify;\"><span style=\"font-weight: 400;\">Cultura per riure, per viure, per cr\u00e9ixer, per formar-nos, per ser millors, com a individus, com a societat, com a m\u00f3n.<\/span><\/p>\n<p style=\"text-align: justify;\"><span style=\"font-weight: 400;\">Finida la clausura, emocionats amb l\u2019entorn donem entrada a les nostres vides al m\u00f3n de la cultura en tota la seva plenitud.<\/span><\/p>\n<p style=\"text-align: justify;\"><span style=\"font-weight: 400;\">Que s\u2019aixequi el tel\u00f3 i tinguem un molt bon curs 2021-2022!<\/span><\/p>\n","protected":false},"excerpt":{"rendered":"<p>Tot a punt? S\u00ed\u00ed\u00ed\u00ed\u00ed\u00ed, les portes s\u00f3n obertes, el p\u00fablic pot passar. Per\u00f2\u2026 segur que est\u00e0 tot a punt???? S\u00ed\u00ed\u00ed\u00ed! Les aules han estat pintades de nou, decorades precios\u00edssimes, curulles de material per jugar, aprendre, descobrir, relacionar-nos i sorprendre\u2019ns. Llum&#8230; i llums&#8230; i llumetes. So&#8230; sons&#8230; i m\u00fasica. I qu\u00e8 m\u00e9s? Els actors i actrius [&hellip;]<\/p>\n","protected":false},"author":2,"featured_media":0,"comment_status":"open","ping_status":"closed","sticky":false,"template":"","format":"standard","meta":{"_bbp_topic_count":0,"_bbp_reply_count":0,"_bbp_total_topic_count":0,"_bbp_total_reply_count":0,"_bbp_voice_count":0,"_bbp_anonymous_reply_count":0,"_bbp_topic_count_hidden":0,"_bbp_reply_count_hidden":0,"_bbp_forum_subforum_count":0,"site-sidebar-layout":"default","site-content-layout":"","ast-site-content-layout":"","site-content-style":"default","site-sidebar-style":"default","ast-global-header-display":"","ast-banner-title-visibility":"","ast-main-header-display":"","ast-hfb-above-header-display":"","ast-hfb-below-header-display":"","ast-hfb-mobile-header-display":"","site-post-title":"","ast-breadcrumbs-content":"","ast-featured-img":"","footer-sml-layout":"","theme-transparent-header-meta":"","adv-header-id-meta":"","stick-header-meta":"","header-above-stick-meta":"","header-main-stick-meta":"","header-below-stick-meta":"","astra-migrate-meta-layouts":"default","ast-page-background-enabled":"default","ast-page-background-meta":{"desktop":{"background-color":"var(--ast-global-color-5)","background-image":"","background-repeat":"repeat","background-position":"center center","background-size":"auto","background-attachment":"scroll","background-type":"","background-media":"","overlay-type":"","overlay-color":"","overlay-opacity":"","overlay-gradient":""},"tablet":{"background-color":"","background-image":"","background-repeat":"repeat","background-position":"center center","background-size":"auto","background-attachment":"scroll","background-type":"","background-media":"","overlay-type":"","overlay-color":"","overlay-opacity":"","overlay-gradient":""},"mobile":{"background-color":"","background-image":"","background-repeat":"repeat","background-position":"center center","background-size":"auto","background-attachment":"scroll","background-type":"","background-media":"","overlay-type":"","overlay-color":"","overlay-opacity":"","overlay-gradient":""}},"ast-content-background-meta":{"desktop":{"background-color":"var(--ast-global-color-4)","background-image":"","background-repeat":"repeat","background-position":"center center","background-size":"auto","background-attachment":"scroll","background-type":"","background-media":"","overlay-type":"","overlay-color":"","overlay-opacity":"","overlay-gradient":""},"tablet":{"background-color":"var(--ast-global-color-4)","background-image":"","background-repeat":"repeat","background-position":"center center","background-size":"auto","background-attachment":"scroll","background-type":"","background-media":"","overlay-type":"","overlay-color":"","overlay-opacity":"","overlay-gradient":""},"mobile":{"background-color":"var(--ast-global-color-4)","background-image":"","background-repeat":"repeat","background-position":"center center","background-size":"auto","background-attachment":"scroll","background-type":"","background-media":"","overlay-type":"","overlay-color":"","overlay-opacity":"","overlay-gradient":""}},"footnotes":""},"categories":[80,171],"tags":[223],"class_list":["post-10533","post","type-post","status-publish","format-standard","hentry","category-escola","category-tauler-principal","tag-lescola"],"post_mailing_queue_ids":[],"_links":{"self":[{"href":"https:\/\/agora.xtec.cat\/escmarquesdelapobla\/wp-json\/wp\/v2\/posts\/10533","targetHints":{"allow":["GET"]}}],"collection":[{"href":"https:\/\/agora.xtec.cat\/escmarquesdelapobla\/wp-json\/wp\/v2\/posts"}],"about":[{"href":"https:\/\/agora.xtec.cat\/escmarquesdelapobla\/wp-json\/wp\/v2\/types\/post"}],"author":[{"embeddable":true,"href":"https:\/\/agora.xtec.cat\/escmarquesdelapobla\/wp-json\/wp\/v2\/users\/2"}],"replies":[{"embeddable":true,"href":"https:\/\/agora.xtec.cat\/escmarquesdelapobla\/wp-json\/wp\/v2\/comments?post=10533"}],"version-history":[{"count":3,"href":"https:\/\/agora.xtec.cat\/escmarquesdelapobla\/wp-json\/wp\/v2\/posts\/10533\/revisions"}],"predecessor-version":[{"id":10555,"href":"https:\/\/agora.xtec.cat\/escmarquesdelapobla\/wp-json\/wp\/v2\/posts\/10533\/revisions\/10555"}],"wp:attachment":[{"href":"https:\/\/agora.xtec.cat\/escmarquesdelapobla\/wp-json\/wp\/v2\/media?parent=10533"}],"wp:term":[{"taxonomy":"category","embeddable":true,"href":"https:\/\/agora.xtec.cat\/escmarquesdelapobla\/wp-json\/wp\/v2\/categories?post=10533"},{"taxonomy":"post_tag","embeddable":true,"href":"https:\/\/agora.xtec.cat\/escmarquesdelapobla\/wp-json\/wp\/v2\/tags?post=10533"}],"curies":[{"name":"wp","href":"https:\/\/api.w.org\/{rel}","templated":true}]}}