{"id":10384,"date":"2021-06-23T18:44:54","date_gmt":"2021-06-23T16:44:54","guid":{"rendered":"http:\/\/agora.xtec.cat\/escmarquesdelapobla\/?p=10384"},"modified":"2021-06-23T18:49:23","modified_gmt":"2021-06-23T16:49:23","slug":"megatorneig-descacs-i-comiat-a-cinque","status":"publish","type":"post","link":"https:\/\/agora.xtec.cat\/escmarquesdelapobla\/superior\/megatorneig-descacs-i-comiat-a-cinque\/","title":{"rendered":"Megatorneig d&#8217;escacs a Cinqu\u00e8"},"content":{"rendered":"<p style=\"text-align: justify;\">Ja ha arribat la fi del curs i a cinqu\u00e8 ahir vam voler celebrar-ho amb un incre\u00edble <strong>torneig d&#8217;escacs<\/strong> i algunes activitats a l&#8217;aula. Ens ho vam passar super b\u00e9, ja sabeu que ens encanten els escacs!\u00a0 Us deixem unes imatges:<\/p>\n<p style=\"text-align: justify;\"><a href=\"https:\/\/photos.app.goo.gl\/Bkn6RVKHYJGgDRQr5\"><img loading=\"lazy\" decoding=\"async\" class=\" aligncenter\" src=\"https:\/\/lh3.googleusercontent.com\/fM3OYHfFRyFr6dSzvcKmhaJjcqfYepAv_AjfqdlXv5Q6a1ugCpb1wQcWAydsCxQs6cc9dzoh2mDM8He2mfOQpAa5PNz42Y4Rzral-z4foGq08sH_PYJvTXgjdU76Gm-jylcCKm-nkKQqca4kJ1CmPRM6-3oguWQiYM6wXnWfqPajwlCm3pSGahzEvRrHjw6ET6HYem4MxJy4_isA4WbN4EdZOklFwTedICC9DsfHtP296dU676C0zRoF9GQ6eT15mMPv549xgnVPj35y4wEwgwwBmSnAZNCJF4c-T_GDGp15jALoVInw6ATt0A_O-j14Y9nUBdk-ibI3f8OFQoy6Z1FGteI7yrAq1jmc_9piKHoJIqTMzESJi0CcsgYviDhUgp1XzK2h7BRJc_JfsWONQ4dd98vEOBMWFIVe4WJkvlp-YI4bmniI2VD-wpdP-yDGmNcSzPxD0po-0S1ArWemAF4Oxem7gq4y_ENa0GvrODfhk77j33qxTbN4V_H-ZeReUKsg1__cJSt0r0FutkHhhilgoSb2lXtVsCBzFzImw_XbwjAIIVqY7Cr7wU79oyMpPGW3oHW7HTsCkldNAc8f1qufXSk_woj_0SORJ1u8v_KLBDjKE355tCWm_eCFNZOaP2CpaVRnKb_iZnA0-vVY2DwSSgFyi008v-aDs6Jqq_vY5cYXk2gjq2PkeBIW9oV5dNcHiYHOZsyWHzH51bOrGDXEDw=w1174-h880-no?authuser=2\" width=\"1369\" height=\"1026\" \/><\/a><\/p>\n<p style=\"text-align: justify;\">Com podeu veure tamb\u00e9 vam fer for\u00e7a xerinola a les classes, vam ballar jugant al Just Dance, vam fer un pica-pica (mantenint mesures) i en definitiva ens ho vam passar genial. Per cert, el guanyador del torneig va ser el Guim. La Naiara, el Gerard i l&#8217;Ethan van ser semifinalistes. \u265f\u265f\u265f<\/p>\n<p style=\"text-align: justify;\">Ens acomiadem aix\u00ed d&#8217;aquest curs i comencem les vacances per carregar b\u00e9 les piles. Bon estiu a tothom!!! \ud83c\udf1e<\/p>\n","protected":false},"excerpt":{"rendered":"<p>Ja ha arribat la fi del curs i a cinqu\u00e8 ahir vam voler celebrar-ho amb un incre\u00edble torneig d&#8217;escacs i algunes activitats a l&#8217;aula. Ens ho vam passar super b\u00e9, ja sabeu que ens encanten els escacs!\u00a0 Us deixem unes imatges: Com podeu veure tamb\u00e9 vam fer for\u00e7a xerinola a les classes, vam ballar jugant [&hellip;]<\/p>\n","protected":false},"author":2,"featured_media":0,"comment_status":"open","ping_status":"closed","sticky":false,"template":"","format":"standard","meta":{"_bbp_topic_count":0,"_bbp_reply_count":0,"_bbp_total_topic_count":0,"_bbp_total_reply_count":0,"_bbp_voice_count":0,"_bbp_anonymous_reply_count":0,"_bbp_topic_count_hidden":0,"_bbp_reply_count_hidden":0,"_bbp_forum_subforum_count":0,"site-sidebar-layout":"default","site-content-layout":"","ast-site-content-layout":"","site-content-style":"default","site-sidebar-style":"default","ast-global-header-display":"","ast-banner-title-visibility":"","ast-main-header-display":"","ast-hfb-above-header-display":"","ast-hfb-below-header-display":"","ast-hfb-mobile-header-display":"","site-post-title":"","ast-breadcrumbs-content":"","ast-featured-img":"","footer-sml-layout":"","theme-transparent-header-meta":"","adv-header-id-meta":"","stick-header-meta":"","header-above-stick-meta":"","header-main-stick-meta":"","header-below-stick-meta":"","astra-migrate-meta-layouts":"default","ast-page-background-enabled":"default","ast-page-background-meta":{"desktop":{"background-color":"var(--ast-global-color-5)","background-image":"","background-repeat":"repeat","background-position":"center center","background-size":"auto","background-attachment":"scroll","background-type":"","background-media":"","overlay-type":"","overlay-color":"","overlay-opacity":"","overlay-gradient":""},"tablet":{"background-color":"","background-image":"","background-repeat":"repeat","background-position":"center center","background-size":"auto","background-attachment":"scroll","background-type":"","background-media":"","overlay-type":"","overlay-color":"","overlay-opacity":"","overlay-gradient":""},"mobile":{"background-color":"","background-image":"","background-repeat":"repeat","background-position":"center center","background-size":"auto","background-attachment":"scroll","background-type":"","background-media":"","overlay-type":"","overlay-color":"","overlay-opacity":"","overlay-gradient":""}},"ast-content-background-meta":{"desktop":{"background-color":"var(--ast-global-color-4)","background-image":"","background-repeat":"repeat","background-position":"center center","background-size":"auto","background-attachment":"scroll","background-type":"","background-media":"","overlay-type":"","overlay-color":"","overlay-opacity":"","overlay-gradient":""},"tablet":{"background-color":"var(--ast-global-color-4)","background-image":"","background-repeat":"repeat","background-position":"center center","background-size":"auto","background-attachment":"scroll","background-type":"","background-media":"","overlay-type":"","overlay-color":"","overlay-opacity":"","overlay-gradient":""},"mobile":{"background-color":"var(--ast-global-color-4)","background-image":"","background-repeat":"repeat","background-position":"center center","background-size":"auto","background-attachment":"scroll","background-type":"","background-media":"","overlay-type":"","overlay-color":"","overlay-opacity":"","overlay-gradient":""}},"footnotes":""},"categories":[55,5,232,14],"tags":[242,190,191],"class_list":["post-10384","post","type-post","status-publish","format-standard","hentry","category-celebracions","category-superior","category-fi-de-curs","category-p5","tag-5e-c","tag-p5a","tag-p5b"],"post_mailing_queue_ids":[],"_links":{"self":[{"href":"https:\/\/agora.xtec.cat\/escmarquesdelapobla\/wp-json\/wp\/v2\/posts\/10384","targetHints":{"allow":["GET"]}}],"collection":[{"href":"https:\/\/agora.xtec.cat\/escmarquesdelapobla\/wp-json\/wp\/v2\/posts"}],"about":[{"href":"https:\/\/agora.xtec.cat\/escmarquesdelapobla\/wp-json\/wp\/v2\/types\/post"}],"author":[{"embeddable":true,"href":"https:\/\/agora.xtec.cat\/escmarquesdelapobla\/wp-json\/wp\/v2\/users\/2"}],"replies":[{"embeddable":true,"href":"https:\/\/agora.xtec.cat\/escmarquesdelapobla\/wp-json\/wp\/v2\/comments?post=10384"}],"version-history":[{"count":3,"href":"https:\/\/agora.xtec.cat\/escmarquesdelapobla\/wp-json\/wp\/v2\/posts\/10384\/revisions"}],"predecessor-version":[{"id":10393,"href":"https:\/\/agora.xtec.cat\/escmarquesdelapobla\/wp-json\/wp\/v2\/posts\/10384\/revisions\/10393"}],"wp:attachment":[{"href":"https:\/\/agora.xtec.cat\/escmarquesdelapobla\/wp-json\/wp\/v2\/media?parent=10384"}],"wp:term":[{"taxonomy":"category","embeddable":true,"href":"https:\/\/agora.xtec.cat\/escmarquesdelapobla\/wp-json\/wp\/v2\/categories?post=10384"},{"taxonomy":"post_tag","embeddable":true,"href":"https:\/\/agora.xtec.cat\/escmarquesdelapobla\/wp-json\/wp\/v2\/tags?post=10384"}],"curies":[{"name":"wp","href":"https:\/\/api.w.org\/{rel}","templated":true}]}}