{"id":10378,"date":"2021-06-23T18:45:48","date_gmt":"2021-06-23T16:45:48","guid":{"rendered":"http:\/\/agora.xtec.cat\/escmarquesdelapobla\/?p=10378"},"modified":"2021-06-23T18:51:18","modified_gmt":"2021-06-23T16:51:18","slug":"comiat-curs-2020-21","status":"publish","type":"post","link":"https:\/\/agora.xtec.cat\/escmarquesdelapobla\/celebracions\/comiat-curs-2020-21\/","title":{"rendered":"Comiat curs 2020-21"},"content":{"rendered":"<p style=\"text-align: justify;\">Una vegada m\u00e9s hem arribat a final de curs i ens ha tocat acomiadar-nos dels alumnes que el proper curs comen\u00e7aran una nova etapa educativa.<\/p>\n<p style=\"text-align: justify;\">Ahir va ser el darrer dia d&#8217;escola i vam viure tots una jornada for\u00e7a intensa, i \u00e9s que mai \u00e9s f\u00e0cil acomiadar-se dels alumnes de 6\u00e8 i d&#8217;alguns\/es mestres que ja no tornaran a l&#8217;escola. El que sabem del cert \u00e9s que sempre els recordarem i que podrem dir contents que han sigut de l&#8217;Escola Marqu\u00e8s!!! \ud83d\udc4f \ud83c\udf89 \u2764\ufe0f<\/p>\n<p><a href=\"https:\/\/photos.app.goo.gl\/zWTgeNhBT3SzHf3i9\"><img loading=\"lazy\" decoding=\"async\" class=\" aligncenter\" src=\"https:\/\/lh3.googleusercontent.com\/Ydj55b6YcD8gmxRX-bLrRBtphLhAMUzTP9jv0evqAs8t-svsGOrk2u8xjXCkOTwgFXi3j9rLZ3IUr7XUk8nQwz4ro86KJyUDqOZXBuFiZpBbRa-6Hc0qbDKV4ioUCVGeG3zWMQ0qMhcNEUcT9BYzrBFxzlIQcCfOjkqVxY1C0WpqNk5h23pNHNBjLAkixYJ3fH3oYKhK7NeIZeciVYevMXost0hqhDxuQhzrOmmuq0maWIRCISRnapr2w5i8b_RAUF4csT-jC2irxPpnMAmUUQRDI0kys0Ihy3smmwjMafJcs_a176I5qfaj25JFb_o8FieunWwu4K9CADtOndAz7Ht231asfyftM_EntQjppEhXkVBQ_Kb_2Z4_kfvzGHc2hRYdV1ERSagcaLHZjSYRrpT8ya513AHaxgBHUKFo30xqlKcgJ_sAZ4Lg7pa9VNEFXlLTHWiIVqRn6qhbuFZbHxuT9TOioiGPKb8KAqZmtZOvEt7z32gQu2aw9wSILL9QHd-VqbWylxt94mdoY9p4CM1nPS-vzNaXJz3YFVIjqJEEwMrPNOE_ZvzoFJuYgSBDIv_6Gb7mLKyDUgCDLEQodPWF6azipj79jkDpgmXT8S1PedUNYh3QE0SJtPBzpjXFdqusOcqCK68PjXZCQmERyzJH5PL0_q_RQETHGXg_YVzI4KFMAxLpwrDrHclr7w0Qha8iPB7faOrCg6EepWMeETFQXw=w1249-h937-no?authuser=2\" width=\"1412\" height=\"1060\" \/><\/a><\/p>\n<p style=\"text-align: justify;\">Esperem que us agradin les imatges de l&#8217;Hora dels ad\u00e8us. Despr\u00e9s al vespre, els i les alumnes de 6\u00e8 van celebrar el seu Comiat on tamb\u00e9 van poder assistir les seves fam\u00edlies. Una jornada molt emotiva!<\/p>\n<p style=\"text-align: justify;\">Bon estiu a tothom!!!<\/p>\n","protected":false},"excerpt":{"rendered":"<p>Una vegada m\u00e9s hem arribat a final de curs i ens ha tocat acomiadar-nos dels alumnes que el proper curs comen\u00e7aran una nova etapa educativa. Ahir va ser el darrer dia d&#8217;escola i vam viure tots una jornada for\u00e7a intensa, i \u00e9s que mai \u00e9s f\u00e0cil acomiadar-se dels alumnes de 6\u00e8 i d&#8217;alguns\/es mestres que [&hellip;]<\/p>\n","protected":false},"author":2,"featured_media":0,"comment_status":"open","ping_status":"closed","sticky":false,"template":"","format":"standard","meta":{"_bbp_topic_count":0,"_bbp_reply_count":0,"_bbp_total_topic_count":0,"_bbp_total_reply_count":0,"_bbp_voice_count":0,"_bbp_anonymous_reply_count":0,"_bbp_topic_count_hidden":0,"_bbp_reply_count_hidden":0,"_bbp_forum_subforum_count":0,"site-sidebar-layout":"default","site-content-layout":"","ast-site-content-layout":"","site-content-style":"default","site-sidebar-style":"default","ast-global-header-display":"","ast-banner-title-visibility":"","ast-main-header-display":"","ast-hfb-above-header-display":"","ast-hfb-below-header-display":"","ast-hfb-mobile-header-display":"","site-post-title":"","ast-breadcrumbs-content":"","ast-featured-img":"","footer-sml-layout":"","theme-transparent-header-meta":"","adv-header-id-meta":"","stick-header-meta":"","header-above-stick-meta":"","header-main-stick-meta":"","header-below-stick-meta":"","astra-migrate-meta-layouts":"default","ast-page-background-enabled":"default","ast-page-background-meta":{"desktop":{"background-color":"var(--ast-global-color-5)","background-image":"","background-repeat":"repeat","background-position":"center center","background-size":"auto","background-attachment":"scroll","background-type":"","background-media":"","overlay-type":"","overlay-color":"","overlay-opacity":"","overlay-gradient":""},"tablet":{"background-color":"","background-image":"","background-repeat":"repeat","background-position":"center center","background-size":"auto","background-attachment":"scroll","background-type":"","background-media":"","overlay-type":"","overlay-color":"","overlay-opacity":"","overlay-gradient":""},"mobile":{"background-color":"","background-image":"","background-repeat":"repeat","background-position":"center center","background-size":"auto","background-attachment":"scroll","background-type":"","background-media":"","overlay-type":"","overlay-color":"","overlay-opacity":"","overlay-gradient":""}},"ast-content-background-meta":{"desktop":{"background-color":"var(--ast-global-color-4)","background-image":"","background-repeat":"repeat","background-position":"center center","background-size":"auto","background-attachment":"scroll","background-type":"","background-media":"","overlay-type":"","overlay-color":"","overlay-opacity":"","overlay-gradient":""},"tablet":{"background-color":"var(--ast-global-color-4)","background-image":"","background-repeat":"repeat","background-position":"center center","background-size":"auto","background-attachment":"scroll","background-type":"","background-media":"","overlay-type":"","overlay-color":"","overlay-opacity":"","overlay-gradient":""},"mobile":{"background-color":"var(--ast-global-color-4)","background-image":"","background-repeat":"repeat","background-position":"center center","background-size":"auto","background-attachment":"scroll","background-type":"","background-media":"","overlay-type":"","overlay-color":"","overlay-opacity":"","overlay-gradient":""}},"footnotes":""},"categories":[55,232,80,171],"tags":[223,211,212],"class_list":["post-10378","post","type-post","status-publish","format-standard","hentry","category-celebracions","category-fi-de-curs","category-escola","category-tauler-principal","tag-lescola","tag-p6a","tag-p6b"],"post_mailing_queue_ids":[],"_links":{"self":[{"href":"https:\/\/agora.xtec.cat\/escmarquesdelapobla\/wp-json\/wp\/v2\/posts\/10378","targetHints":{"allow":["GET"]}}],"collection":[{"href":"https:\/\/agora.xtec.cat\/escmarquesdelapobla\/wp-json\/wp\/v2\/posts"}],"about":[{"href":"https:\/\/agora.xtec.cat\/escmarquesdelapobla\/wp-json\/wp\/v2\/types\/post"}],"author":[{"embeddable":true,"href":"https:\/\/agora.xtec.cat\/escmarquesdelapobla\/wp-json\/wp\/v2\/users\/2"}],"replies":[{"embeddable":true,"href":"https:\/\/agora.xtec.cat\/escmarquesdelapobla\/wp-json\/wp\/v2\/comments?post=10378"}],"version-history":[{"count":3,"href":"https:\/\/agora.xtec.cat\/escmarquesdelapobla\/wp-json\/wp\/v2\/posts\/10378\/revisions"}],"predecessor-version":[{"id":10394,"href":"https:\/\/agora.xtec.cat\/escmarquesdelapobla\/wp-json\/wp\/v2\/posts\/10378\/revisions\/10394"}],"wp:attachment":[{"href":"https:\/\/agora.xtec.cat\/escmarquesdelapobla\/wp-json\/wp\/v2\/media?parent=10378"}],"wp:term":[{"taxonomy":"category","embeddable":true,"href":"https:\/\/agora.xtec.cat\/escmarquesdelapobla\/wp-json\/wp\/v2\/categories?post=10378"},{"taxonomy":"post_tag","embeddable":true,"href":"https:\/\/agora.xtec.cat\/escmarquesdelapobla\/wp-json\/wp\/v2\/tags?post=10378"}],"curies":[{"name":"wp","href":"https:\/\/api.w.org\/{rel}","templated":true}]}}