{"id":10356,"date":"2021-06-21T21:21:50","date_gmt":"2021-06-21T19:21:50","guid":{"rendered":"http:\/\/agora.xtec.cat\/escmarquesdelapobla\/?p=10356"},"modified":"2021-06-23T18:46:12","modified_gmt":"2021-06-23T16:46:12","slug":"jornada-de-lesport-2021","status":"publish","type":"post","link":"https:\/\/agora.xtec.cat\/escmarquesdelapobla\/infantil\/jornada-de-lesport-2021\/","title":{"rendered":"Jornada de l&#8217;esport 2021"},"content":{"rendered":"<p style=\"text-align: justify;\">Avui hem celebrat la Jornada de l&#8217;esport a l&#8217;escola! \u26f9\ufe0f\ud83c\udfc3\ud83c\udffc\u200d\u2640\ufe0f\ud83e\udd3e\u200d\u2640\ufe0f\ud83d\udeb5\u200d\u2640\ufe0f<\/p>\n<p style=\"text-align: justify;\">Com podreu veure a continuaci\u00f3, hem fet tota mena d&#8217;activitats, des dels m\u00e9s petits fins als m\u00e9s grans. Alguns hem anat al Pla de la Garsa a fer activitats d&#8217;orientaci\u00f3, altres hem anat al camp de futbol a fer activitats diverses i moltes coses m\u00e9s. En definitiva, ens ho hem passat tots molt b\u00e9 movent l&#8217;esquelet!!!<\/p>\n<p><a href=\"https:\/\/photos.app.goo.gl\/Mo4ALFk63BYhoEhc9\"><img loading=\"lazy\" decoding=\"async\" class=\"aligncenter\" src=\"https:\/\/lh3.googleusercontent.com\/SSDQyDM1SkiFs9NQvtp7J5JJdviZJEl99SdTsS8qTCvba1SYr-6Ofv2UHMSONuVinDBXZ_DmVe4hfqRflQVMcacrCdNEH9FCPHiSwibP-G5kqbshJMc4YtbGJN3lE_WSguLOo2LD_gSG_nrIJl2zv1DAWNfe0EaB7kyJL4MjAl6gNKJsDafJUkMGGeClyUUoUg_qoceV_vQW2DWx-GEd-A_qqSy5Vwtz6opyecOl7_8xEygxd_XYNnx4_-nCkRk7Og53HKiaHNX5UcVSJQK_CQXb48esfS8LKHJQTjSaAiR0-QwdrQ1slyBmqG1Cc0SbJm35uTHupY5B3Xfx7u5qYGzJ95fnaCStuVnvrwebV53LYAQNupJ39mLEkwacnhEHwRiIulkmDEuLrJPdPpMAlIjd3vdPRd-cJekEi6FMFfXGYZ0UF82Hes5g3yjaPH6qZeygCuFb73-jPZ55mk0WhBhSWf97R6E-OhDS2Sj1dSDdGtmpFZkW8zeb9bS52d19tNZsPwtbsfMB_9B-puo4mn8fPXZMedlaPH9t05sh7xLZL6-XqEV-Gk9b--WR9AeVo5kIIecAvXGBVly6gcrp6TU7rwCuqJRDSW4CAD1KvBWGtzkhXZQ_afa0p--zQhgblLsD5DgM7G8WYT2rsFDY6q48XLzKWS8ZlesjDnBycdmsLJ2arMlUDf2f1R_4rHbmHl5wvw3YpnHlZ6vlO4ScuIyCCg=w894-h670-no?authuser=2\" width=\"1491\" height=\"1118\" \/><\/a><\/p>\n<p style=\"text-align: justify;\">Quan hem tornat a l&#8217;escola de les activitats hem fet una sessi\u00f3 de Zumba a les pistes i tot seguit la Festa de l&#8217;aigua!! Ja ho veieu, <strong>avui \u00e9s el primer dia de l&#8217;estiu<\/strong> i l&#8217;hem aprofitat super b\u00e9 en el pen\u00faltim dia d&#8217;escola!<\/p>\n<p style=\"text-align: justify;\">A continuaci\u00f3 podeu veure les Activitats de la Jornada de l&#8217;esport de cada cicle <strong>fent clic<\/strong>, esperem que us agradin les fotos:<\/p>\n<p><a href=\"https:\/\/photos.app.goo.gl\/kXe6ZXmX3zmBw9KR7\"><img loading=\"lazy\" decoding=\"async\" class=\"alignnone wp-image-10358\" src=\"https:\/\/agora.xtec.cat\/escmarquesdelapobla\/wp-content\/uploads\/usu1682\/2021\/06\/EI.png\" alt=\"\" width=\"90\" height=\"78\" srcset=\"https:\/\/agora.xtec.cat\/escmarquesdelapobla\/wp-content\/uploads\/usu1682\/2021\/06\/EI.png 303w, https:\/\/agora.xtec.cat\/escmarquesdelapobla\/wp-content\/uploads\/usu1682\/2021\/06\/EI-300x261.png 300w\" sizes=\"auto, (max-width: 90px) 100vw, 90px\" \/><\/a><a href=\"https:\/\/photos.app.goo.gl\/j8Nf4gxnRgpnpgbk7\"><img loading=\"lazy\" decoding=\"async\" class=\"alignnone wp-image-10361\" src=\"https:\/\/agora.xtec.cat\/escmarquesdelapobla\/wp-content\/uploads\/usu1682\/2021\/06\/CI.png\" alt=\"\" width=\"67\" height=\"78\" \/><\/a><a href=\"https:\/\/photos.app.goo.gl\/tXMD89BapJyU7YpG9\"><img loading=\"lazy\" decoding=\"async\" class=\"alignnone wp-image-10359\" style=\"font-family: inherit; font-size: 1em;\" src=\"https:\/\/agora.xtec.cat\/escmarquesdelapobla\/wp-content\/uploads\/usu1682\/2021\/06\/CM.png\" alt=\"\" width=\"100\" height=\"78\" srcset=\"https:\/\/agora.xtec.cat\/escmarquesdelapobla\/wp-content\/uploads\/usu1682\/2021\/06\/CM.png 340w, https:\/\/agora.xtec.cat\/escmarquesdelapobla\/wp-content\/uploads\/usu1682\/2021\/06\/CM-300x234.png 300w\" sizes=\"auto, (max-width: 100px) 100vw, 100px\" \/><\/a><a href=\"https:\/\/photos.app.goo.gl\/DnBkUCSu5w5oXhdt7\"><img loading=\"lazy\" decoding=\"async\" class=\"alignnone wp-image-10360\" style=\"font-family: inherit; font-size: 1em;\" src=\"https:\/\/agora.xtec.cat\/escmarquesdelapobla\/wp-content\/uploads\/usu1682\/2021\/06\/CS.png\" alt=\"\" width=\"90\" height=\"78\" srcset=\"https:\/\/agora.xtec.cat\/escmarquesdelapobla\/wp-content\/uploads\/usu1682\/2021\/06\/CS.png 303w, https:\/\/agora.xtec.cat\/escmarquesdelapobla\/wp-content\/uploads\/usu1682\/2021\/06\/CS-300x261.png 300w\" sizes=\"auto, (max-width: 90px) 100vw, 90px\" \/><\/a><\/p>\n<p>&nbsp;<\/p>\n","protected":false},"excerpt":{"rendered":"<p>Avui hem celebrat la Jornada de l&#8217;esport a l&#8217;escola! \u26f9\ufe0f\ud83c\udfc3\ud83c\udffc\u200d\u2640\ufe0f\ud83e\udd3e\u200d\u2640\ufe0f\ud83d\udeb5\u200d\u2640\ufe0f Com podreu veure a continuaci\u00f3, hem fet tota mena d&#8217;activitats, des dels m\u00e9s petits fins als m\u00e9s grans. Alguns hem anat al Pla de la Garsa a fer activitats d&#8217;orientaci\u00f3, altres hem anat al camp de futbol a fer activitats diverses i moltes coses m\u00e9s. [&hellip;]<\/p>\n","protected":false},"author":2,"featured_media":0,"comment_status":"open","ping_status":"closed","sticky":false,"template":"","format":"standard","meta":{"_bbp_topic_count":0,"_bbp_reply_count":0,"_bbp_total_topic_count":0,"_bbp_total_reply_count":0,"_bbp_voice_count":0,"_bbp_anonymous_reply_count":0,"_bbp_topic_count_hidden":0,"_bbp_reply_count_hidden":0,"_bbp_forum_subforum_count":0,"site-sidebar-layout":"default","site-content-layout":"","ast-site-content-layout":"","site-content-style":"default","site-sidebar-style":"default","ast-global-header-display":"","ast-banner-title-visibility":"","ast-main-header-display":"","ast-hfb-above-header-display":"","ast-hfb-below-header-display":"","ast-hfb-mobile-header-display":"","site-post-title":"","ast-breadcrumbs-content":"","ast-featured-img":"","footer-sml-layout":"","theme-transparent-header-meta":"","adv-header-id-meta":"","stick-header-meta":"","header-above-stick-meta":"","header-main-stick-meta":"","header-below-stick-meta":"","astra-migrate-meta-layouts":"default","ast-page-background-enabled":"default","ast-page-background-meta":{"desktop":{"background-color":"var(--ast-global-color-5)","background-image":"","background-repeat":"repeat","background-position":"center center","background-size":"auto","background-attachment":"scroll","background-type":"","background-media":"","overlay-type":"","overlay-color":"","overlay-opacity":"","overlay-gradient":""},"tablet":{"background-color":"","background-image":"","background-repeat":"repeat","background-position":"center center","background-size":"auto","background-attachment":"scroll","background-type":"","background-media":"","overlay-type":"","overlay-color":"","overlay-opacity":"","overlay-gradient":""},"mobile":{"background-color":"","background-image":"","background-repeat":"repeat","background-position":"center center","background-size":"auto","background-attachment":"scroll","background-type":"","background-media":"","overlay-type":"","overlay-color":"","overlay-opacity":"","overlay-gradient":""}},"ast-content-background-meta":{"desktop":{"background-color":"var(--ast-global-color-4)","background-image":"","background-repeat":"repeat","background-position":"center center","background-size":"auto","background-attachment":"scroll","background-type":"","background-media":"","overlay-type":"","overlay-color":"","overlay-opacity":"","overlay-gradient":""},"tablet":{"background-color":"var(--ast-global-color-4)","background-image":"","background-repeat":"repeat","background-position":"center center","background-size":"auto","background-attachment":"scroll","background-type":"","background-media":"","overlay-type":"","overlay-color":"","overlay-opacity":"","overlay-gradient":""},"mobile":{"background-color":"var(--ast-global-color-4)","background-image":"","background-repeat":"repeat","background-position":"center center","background-size":"auto","background-attachment":"scroll","background-type":"","background-media":"","overlay-type":"","overlay-color":"","overlay-opacity":"","overlay-gradient":""}},"footnotes":""},"categories":[55,64,65,5,232,2,171,74],"tags":[261,223],"class_list":["post-10356","post","type-post","status-publish","format-standard","hentry","category-celebracions","category-inicial","category-mitja","category-superior","category-fi-de-curs","category-infantil","category-tauler-principal","category-sortides","tag-esport","tag-lescola"],"post_mailing_queue_ids":[],"_links":{"self":[{"href":"https:\/\/agora.xtec.cat\/escmarquesdelapobla\/wp-json\/wp\/v2\/posts\/10356","targetHints":{"allow":["GET"]}}],"collection":[{"href":"https:\/\/agora.xtec.cat\/escmarquesdelapobla\/wp-json\/wp\/v2\/posts"}],"about":[{"href":"https:\/\/agora.xtec.cat\/escmarquesdelapobla\/wp-json\/wp\/v2\/types\/post"}],"author":[{"embeddable":true,"href":"https:\/\/agora.xtec.cat\/escmarquesdelapobla\/wp-json\/wp\/v2\/users\/2"}],"replies":[{"embeddable":true,"href":"https:\/\/agora.xtec.cat\/escmarquesdelapobla\/wp-json\/wp\/v2\/comments?post=10356"}],"version-history":[{"count":3,"href":"https:\/\/agora.xtec.cat\/escmarquesdelapobla\/wp-json\/wp\/v2\/posts\/10356\/revisions"}],"predecessor-version":[{"id":10366,"href":"https:\/\/agora.xtec.cat\/escmarquesdelapobla\/wp-json\/wp\/v2\/posts\/10356\/revisions\/10366"}],"wp:attachment":[{"href":"https:\/\/agora.xtec.cat\/escmarquesdelapobla\/wp-json\/wp\/v2\/media?parent=10356"}],"wp:term":[{"taxonomy":"category","embeddable":true,"href":"https:\/\/agora.xtec.cat\/escmarquesdelapobla\/wp-json\/wp\/v2\/categories?post=10356"},{"taxonomy":"post_tag","embeddable":true,"href":"https:\/\/agora.xtec.cat\/escmarquesdelapobla\/wp-json\/wp\/v2\/tags?post=10356"}],"curies":[{"name":"wp","href":"https:\/\/api.w.org\/{rel}","templated":true}]}}