{"id":10342,"date":"2021-06-20T20:09:58","date_gmt":"2021-06-20T18:09:58","guid":{"rendered":"http:\/\/agora.xtec.cat\/escmarquesdelapobla\/?p=10342"},"modified":"2021-06-20T20:21:02","modified_gmt":"2021-06-20T18:21:02","slug":"una-festa-molt-gegantera","status":"publish","type":"post","link":"https:\/\/agora.xtec.cat\/escmarquesdelapobla\/inicial\/una-festa-molt-gegantera\/","title":{"rendered":"Una festa molt gegantera"},"content":{"rendered":"<p style=\"text-align: justify;\">Aquest divendres 18 de juny vam tenir una visita ben especial a l\u2019escola. Van venir els gegantets de Capellades, Capell\u00f3 i Miramar, amb uns geganters molt coneguts per nosaltres, perqu\u00e8 som companys i companyes d\u2019escola.<\/p>\n<p><a href=\"https:\/\/photos.app.goo.gl\/z6uhvKDPe8QdbXR28\"><img loading=\"lazy\" decoding=\"async\" class=\" aligncenter\" src=\"https:\/\/lh3.googleusercontent.com\/pw\/ACtC-3dTKLvNb1G9RKSRehit46Xh0dnvsHCHpVdOwJMRACa0nvd9kyrQoKL4WZE65bKjRHK18t_8BzL8PnQy0qzvJbKSIMDe8RmBbFwez2NtkKUrwhjJFVXdLlr_-fBU4NX_wShS9GHCoYI9sGtv-gkmwO2VUw=w1248-h937-no?authuser=2\" width=\"1412\" height=\"1060\" \/><\/a><\/p>\n<p style=\"text-align: justify;\">Acompanyats del Ram\u00f3n i la Marina, a qui volem donar les gr\u00e0cies, els portadors\/es dels gegantets i els seus puntals, van fer ballar el Ball Pla i el vals al Capell\u00f3 i la Miramar.<\/p>\n<p><!--more--><\/p>\n<p style=\"text-align: justify;\">Seguidament vam poder escoltar la can\u00e7\u00f3 dels gegantets que, l\u2019any que es van estrenar, va composar (m\u00fasica i lletra) el nostre mestre de m\u00fasica, el Jaume Sabater. Molts de nosaltres no l\u2019hav\u00edem sentit mai i ens va agradar molt!!!<\/p>\n<p style=\"text-align: justify;\">I per seguir la festa gegantera, amb molts nervis i molta il\u00b7lusi\u00f3, la classe dels Gegants van fer la presentaci\u00f3 oficial del seu projecte que han dut a terme durant tot aquest curs: el gegantet que han estat construint!!! Va ser genial!!! Amb tambors, amb grans somriures, amb molta alegria&#8230; van fer ballar la marxa de les Festes del carrer al gegantet, que properament li posaran un nom i aix\u00ed ser\u00e0 el gegantet del Marqu\u00e8s de la P\u00ad\u00adobla.<\/p>\n<p style=\"text-align: justify;\">Finalment, i ja per acabar aquesta festa tan bonica, el p\u00fablic, el gegantet i el Capell\u00f3 i la Miramar vam ballar tots junts el Ball Pla.<\/p>\n<p style=\"text-align: justify;\">Una festa inoblidable que posa fi al nostre bonic projecte!!!<\/p>\n","protected":false},"excerpt":{"rendered":"<p>Aquest divendres 18 de juny vam tenir una visita ben especial a l\u2019escola. Van venir els gegantets de Capellades, Capell\u00f3 i Miramar, amb uns geganters molt coneguts per nosaltres, perqu\u00e8 som companys i companyes d\u2019escola. Acompanyats del Ram\u00f3n i la Marina, a qui volem donar les gr\u00e0cies, els portadors\/es dels gegantets i els seus puntals, [&hellip;]<\/p>\n","protected":false},"author":2,"featured_media":0,"comment_status":"open","ping_status":"closed","sticky":false,"template":"","format":"standard","meta":{"_bbp_topic_count":0,"_bbp_reply_count":0,"_bbp_total_topic_count":0,"_bbp_total_reply_count":0,"_bbp_voice_count":0,"_bbp_anonymous_reply_count":0,"_bbp_topic_count_hidden":0,"_bbp_reply_count_hidden":0,"_bbp_forum_subforum_count":0,"site-sidebar-layout":"default","site-content-layout":"","ast-site-content-layout":"","site-content-style":"default","site-sidebar-style":"default","ast-global-header-display":"","ast-banner-title-visibility":"","ast-main-header-display":"","ast-hfb-above-header-display":"","ast-hfb-below-header-display":"","ast-hfb-mobile-header-display":"","site-post-title":"","ast-breadcrumbs-content":"","ast-featured-img":"","footer-sml-layout":"","theme-transparent-header-meta":"","adv-header-id-meta":"","stick-header-meta":"","header-above-stick-meta":"","header-main-stick-meta":"","header-below-stick-meta":"","astra-migrate-meta-layouts":"default","ast-page-background-enabled":"default","ast-page-background-meta":{"desktop":{"background-color":"var(--ast-global-color-5)","background-image":"","background-repeat":"repeat","background-position":"center center","background-size":"auto","background-attachment":"scroll","background-type":"","background-media":"","overlay-type":"","overlay-color":"","overlay-opacity":"","overlay-gradient":""},"tablet":{"background-color":"","background-image":"","background-repeat":"repeat","background-position":"center center","background-size":"auto","background-attachment":"scroll","background-type":"","background-media":"","overlay-type":"","overlay-color":"","overlay-opacity":"","overlay-gradient":""},"mobile":{"background-color":"","background-image":"","background-repeat":"repeat","background-position":"center center","background-size":"auto","background-attachment":"scroll","background-type":"","background-media":"","overlay-type":"","overlay-color":"","overlay-opacity":"","overlay-gradient":""}},"ast-content-background-meta":{"desktop":{"background-color":"var(--ast-global-color-4)","background-image":"","background-repeat":"repeat","background-position":"center center","background-size":"auto","background-attachment":"scroll","background-type":"","background-media":"","overlay-type":"","overlay-color":"","overlay-opacity":"","overlay-gradient":""},"tablet":{"background-color":"var(--ast-global-color-4)","background-image":"","background-repeat":"repeat","background-position":"center center","background-size":"auto","background-attachment":"scroll","background-type":"","background-media":"","overlay-type":"","overlay-color":"","overlay-opacity":"","overlay-gradient":""},"mobile":{"background-color":"var(--ast-global-color-4)","background-image":"","background-repeat":"repeat","background-position":"center center","background-size":"auto","background-attachment":"scroll","background-type":"","background-media":"","overlay-type":"","overlay-color":"","overlay-opacity":"","overlay-gradient":""}},"footnotes":""},"categories":[64,142],"tags":[183,184,218],"class_list":["post-10342","post","type-post","status-publish","format-standard","hentry","category-inicial","category-p2","tag-p2a","tag-p2b","tag-projectes"],"post_mailing_queue_ids":[],"_links":{"self":[{"href":"https:\/\/agora.xtec.cat\/escmarquesdelapobla\/wp-json\/wp\/v2\/posts\/10342","targetHints":{"allow":["GET"]}}],"collection":[{"href":"https:\/\/agora.xtec.cat\/escmarquesdelapobla\/wp-json\/wp\/v2\/posts"}],"about":[{"href":"https:\/\/agora.xtec.cat\/escmarquesdelapobla\/wp-json\/wp\/v2\/types\/post"}],"author":[{"embeddable":true,"href":"https:\/\/agora.xtec.cat\/escmarquesdelapobla\/wp-json\/wp\/v2\/users\/2"}],"replies":[{"embeddable":true,"href":"https:\/\/agora.xtec.cat\/escmarquesdelapobla\/wp-json\/wp\/v2\/comments?post=10342"}],"version-history":[{"count":1,"href":"https:\/\/agora.xtec.cat\/escmarquesdelapobla\/wp-json\/wp\/v2\/posts\/10342\/revisions"}],"predecessor-version":[{"id":10345,"href":"https:\/\/agora.xtec.cat\/escmarquesdelapobla\/wp-json\/wp\/v2\/posts\/10342\/revisions\/10345"}],"wp:attachment":[{"href":"https:\/\/agora.xtec.cat\/escmarquesdelapobla\/wp-json\/wp\/v2\/media?parent=10342"}],"wp:term":[{"taxonomy":"category","embeddable":true,"href":"https:\/\/agora.xtec.cat\/escmarquesdelapobla\/wp-json\/wp\/v2\/categories?post=10342"},{"taxonomy":"post_tag","embeddable":true,"href":"https:\/\/agora.xtec.cat\/escmarquesdelapobla\/wp-json\/wp\/v2\/tags?post=10342"}],"curies":[{"name":"wp","href":"https:\/\/api.w.org\/{rel}","templated":true}]}}