{"id":10282,"date":"2021-06-15T18:35:50","date_gmt":"2021-06-15T16:35:50","guid":{"rendered":"http:\/\/agora.xtec.cat\/escmarquesdelapobla\/?p=10282"},"modified":"2021-06-15T22:17:51","modified_gmt":"2021-06-15T20:17:51","slug":"petites-pianistes","status":"publish","type":"post","link":"https:\/\/agora.xtec.cat\/escmarquesdelapobla\/escola\/petites-pianistes\/","title":{"rendered":"Petites pianistes"},"content":{"rendered":"<p style=\"text-align: justify;\">Comen\u00e7ar el dia amb els sons d&#8217;un piano a l&#8217;entrada del vest\u00edbul \u00e9s un regal de benvinguda, si a m\u00e9s s\u00f3n dues petites pianistes de l&#8217;escola qui ho fan, ja \u00e9s un premi per a elles i per a nosaltres. Feu clic a la imatge per gaudir d&#8217;aquestes magn\u00edfiques interpretacions:<\/p>\n<p><a href=\"https:\/\/photos.app.goo.gl\/a8tShWuJQPXqxkZq8\"><img loading=\"lazy\" decoding=\"async\" class=\" aligncenter\" src=\"https:\/\/lh3.googleusercontent.com\/Q0uaddIxW4BVjFiUy75KBi3Lq4AXyaQ5rE6_lLEN4WaeKz1eE2CWAa3G7FCiXffrMRdxFgG_fCO0XTVp7vZv7fyaDvZxJNQVxmZg2qIdzNRObGGqzoD79TvRARuenFQOCjGON-7C1O06c0qJ5uMZdMiH1sHibea2HUPbqMDvY6w7fqhOnm1w8GC13dPYE8adGiKvO2a1figvwSbYrfTxASE7sV9dxByhMRiHpua4eO-od3WZ4YMYL1WYR8x_N2_9lZpC1Iwvu20DMu8RX3o0W_VV3mwZdnD6nx2Ri2gAd4vgzAncC4ZBZZvWioBIh4ytZHoZ32xg3gwaGTHA8jtR-nTrK8dARVm28DS75zzeBQ8YP0pPzCYc2rNI6igcUtypA6rR2TcrZaC4nOClAQx7-2sJNu9wkKJR-1eehOP6SbECqbhUw0rIamp1w2gCzXglGwrsMz-Z8aumWp5z6HSgFOZKgxjbDJhm1jbavHA3riFB80ETqEpFNwVLBA0ZxEnvLFkVY_PJQMzymKLW6rcToBT6KlEukhrKTZ5GSfACV2mIo8ObQoxOehZshObFFTfZpNmWUTjyEz2SpBDMBLxy6tC4502OjsFmkmSpTeExnKFrM3jPEGdAnZ-YOvrdvZbVmUTiXb4eFDEPFi8CGHs3vp58PCTZu2LN8ey2E8AgJj5wan9jlGbCFdodPrCgjIVKjzoB1AUO9K3QnpbofVtwku2CIQ=w723-h613-no?authuser=3\" width=\"1178\" height=\"997\" \/><\/a><\/p>\n<p style=\"text-align: justify;\">Moltes gr\u00e0cies Vinyet i Elsa per les notes que ens heu ofert aquest mat\u00ed, ha estat molt ben interpretat.<\/p>\n<p style=\"text-align: justify;\">I els altres nens i nenes de l&#8217;escola, animeu-vos quan vulgueu! \ud83d\ude01 \ud83c\udfb9 \ud83c\udfb5 \ud83c\udfb6 \ud83c\udfb6<\/p>\n","protected":false},"excerpt":{"rendered":"<p>Comen\u00e7ar el dia amb els sons d&#8217;un piano a l&#8217;entrada del vest\u00edbul \u00e9s un regal de benvinguda, si a m\u00e9s s\u00f3n dues petites pianistes de l&#8217;escola qui ho fan, ja \u00e9s un premi per a elles i per a nosaltres. Feu clic a la imatge per gaudir d&#8217;aquestes magn\u00edfiques interpretacions: Moltes gr\u00e0cies Vinyet i Elsa [&hellip;]<\/p>\n","protected":false},"author":2,"featured_media":0,"comment_status":"open","ping_status":"closed","sticky":false,"template":"","format":"standard","meta":{"_bbp_topic_count":0,"_bbp_reply_count":0,"_bbp_total_topic_count":0,"_bbp_total_reply_count":0,"_bbp_voice_count":0,"_bbp_anonymous_reply_count":0,"_bbp_topic_count_hidden":0,"_bbp_reply_count_hidden":0,"_bbp_forum_subforum_count":0,"site-sidebar-layout":"default","site-content-layout":"","ast-site-content-layout":"","site-content-style":"default","site-sidebar-style":"default","ast-global-header-display":"","ast-banner-title-visibility":"","ast-main-header-display":"","ast-hfb-above-header-display":"","ast-hfb-below-header-display":"","ast-hfb-mobile-header-display":"","site-post-title":"","ast-breadcrumbs-content":"","ast-featured-img":"","footer-sml-layout":"","theme-transparent-header-meta":"","adv-header-id-meta":"","stick-header-meta":"","header-above-stick-meta":"","header-main-stick-meta":"","header-below-stick-meta":"","astra-migrate-meta-layouts":"default","ast-page-background-enabled":"default","ast-page-background-meta":{"desktop":{"background-color":"var(--ast-global-color-5)","background-image":"","background-repeat":"repeat","background-position":"center center","background-size":"auto","background-attachment":"scroll","background-type":"","background-media":"","overlay-type":"","overlay-color":"","overlay-opacity":"","overlay-gradient":""},"tablet":{"background-color":"","background-image":"","background-repeat":"repeat","background-position":"center center","background-size":"auto","background-attachment":"scroll","background-type":"","background-media":"","overlay-type":"","overlay-color":"","overlay-opacity":"","overlay-gradient":""},"mobile":{"background-color":"","background-image":"","background-repeat":"repeat","background-position":"center center","background-size":"auto","background-attachment":"scroll","background-type":"","background-media":"","overlay-type":"","overlay-color":"","overlay-opacity":"","overlay-gradient":""}},"ast-content-background-meta":{"desktop":{"background-color":"var(--ast-global-color-4)","background-image":"","background-repeat":"repeat","background-position":"center center","background-size":"auto","background-attachment":"scroll","background-type":"","background-media":"","overlay-type":"","overlay-color":"","overlay-opacity":"","overlay-gradient":""},"tablet":{"background-color":"var(--ast-global-color-4)","background-image":"","background-repeat":"repeat","background-position":"center center","background-size":"auto","background-attachment":"scroll","background-type":"","background-media":"","overlay-type":"","overlay-color":"","overlay-opacity":"","overlay-gradient":""},"mobile":{"background-color":"var(--ast-global-color-4)","background-image":"","background-repeat":"repeat","background-position":"center center","background-size":"auto","background-attachment":"scroll","background-type":"","background-media":"","overlay-type":"","overlay-color":"","overlay-opacity":"","overlay-gradient":""}},"footnotes":""},"categories":[244,80,171],"tags":[207],"class_list":["post-10282","post","type-post","status-publish","format-standard","hentry","category-art","category-escola","category-tauler-principal","tag-musica"],"post_mailing_queue_ids":[],"_links":{"self":[{"href":"https:\/\/agora.xtec.cat\/escmarquesdelapobla\/wp-json\/wp\/v2\/posts\/10282","targetHints":{"allow":["GET"]}}],"collection":[{"href":"https:\/\/agora.xtec.cat\/escmarquesdelapobla\/wp-json\/wp\/v2\/posts"}],"about":[{"href":"https:\/\/agora.xtec.cat\/escmarquesdelapobla\/wp-json\/wp\/v2\/types\/post"}],"author":[{"embeddable":true,"href":"https:\/\/agora.xtec.cat\/escmarquesdelapobla\/wp-json\/wp\/v2\/users\/2"}],"replies":[{"embeddable":true,"href":"https:\/\/agora.xtec.cat\/escmarquesdelapobla\/wp-json\/wp\/v2\/comments?post=10282"}],"version-history":[{"count":2,"href":"https:\/\/agora.xtec.cat\/escmarquesdelapobla\/wp-json\/wp\/v2\/posts\/10282\/revisions"}],"predecessor-version":[{"id":10284,"href":"https:\/\/agora.xtec.cat\/escmarquesdelapobla\/wp-json\/wp\/v2\/posts\/10282\/revisions\/10284"}],"wp:attachment":[{"href":"https:\/\/agora.xtec.cat\/escmarquesdelapobla\/wp-json\/wp\/v2\/media?parent=10282"}],"wp:term":[{"taxonomy":"category","embeddable":true,"href":"https:\/\/agora.xtec.cat\/escmarquesdelapobla\/wp-json\/wp\/v2\/categories?post=10282"},{"taxonomy":"post_tag","embeddable":true,"href":"https:\/\/agora.xtec.cat\/escmarquesdelapobla\/wp-json\/wp\/v2\/tags?post=10282"}],"curies":[{"name":"wp","href":"https:\/\/api.w.org\/{rel}","templated":true}]}}