{"id":10280,"date":"2021-06-15T16:42:04","date_gmt":"2021-06-15T14:42:04","guid":{"rendered":"http:\/\/agora.xtec.cat\/escmarquesdelapobla\/?p=10280"},"modified":"2021-06-15T16:42:04","modified_gmt":"2021-06-15T14:42:04","slug":"descobrim-les-etapes-de-la-nostra-historia","status":"publish","type":"post","link":"https:\/\/agora.xtec.cat\/escmarquesdelapobla\/inicial\/descobrim-les-etapes-de-la-nostra-historia\/","title":{"rendered":"Descobrim les etapes de la nostra hist\u00f2ria"},"content":{"rendered":"<p style=\"text-align: justify;\"><span style=\"font-weight: 400;\">Seguint l\u2019eix transversal d\u2019aquest curs \u201cEmociona\u2019t amb l\u2019entorn\u201d i per emocionar-nos una mica m\u00e9s i con\u00e8ixer la hist\u00f2ria que ens envolta, aquest trimestre, a 2n de Cicle Inicial, hem descobert les diferents etapes de la hist\u00f2ria i les hem situat en una l\u00ednia del temps que hem fet gegant al passad\u00eds de l\u2019escola i tamb\u00e9 una altra en petit format.<\/span><\/p>\n<p><a href=\"https:\/\/photos.app.goo.gl\/L1CFZDdLwHBLsdpm7\"><img loading=\"lazy\" decoding=\"async\" class=\" aligncenter\" src=\"https:\/\/lh3.googleusercontent.com\/pw\/ACtC-3cit5jUZRFi8VHD9ba0LdvFBf0D3nrwWH1ckiWeTwRlrBRljmxAJtuCuEeFa01mfBxHIpjRhOBvEGrZjkJk4yS1kx3ve9uj3sShhrN4rcKm2kInC2Af-a6_1tjFUcptOZ6fBiXhCVl66NdsU-6M77Ywpw=w780-h586-no?authuser=3\" width=\"1166\" height=\"875\" \/><\/a><\/p>\n<p style=\"text-align: justify;\"><span style=\"font-weight: 400;\">Per poder-ho realitzar vam repartir les \u00e8poques per classes i a cada alumne\/a li va tocar una \u00e8poca diferent. A casa vam buscar imatges relacionades amb aquesta etapa de la hist\u00f2ria. Ho vam parlar a l\u2019escola i vam mirar algun v\u00eddeo i, per grups, vam escriure en cartolines la informaci\u00f3 que hav\u00edem parlat. Tamb\u00e9 vam anar a visitar l\u2019Abric Roman\u00ed i el Museu Mol\u00ed Paperer per saber m\u00e9s coses de la hist\u00f2ria del nostre poble.<\/span><\/p>\n<p style=\"text-align: justify;\"><span style=\"font-weight: 400;\">Entre Les Fonts i Els Gegants hem anat construint la l\u00ednia del temps i ens ha agradat descobrir-ho!!!<\/span><\/p>\n","protected":false},"excerpt":{"rendered":"<p>Seguint l\u2019eix transversal d\u2019aquest curs \u201cEmociona\u2019t amb l\u2019entorn\u201d i per emocionar-nos una mica m\u00e9s i con\u00e8ixer la hist\u00f2ria que ens envolta, aquest trimestre, a 2n de Cicle Inicial, hem descobert les diferents etapes de la hist\u00f2ria i les hem situat en una l\u00ednia del temps que hem fet gegant al passad\u00eds de l\u2019escola i tamb\u00e9 [&hellip;]<\/p>\n","protected":false},"author":2,"featured_media":0,"comment_status":"open","ping_status":"closed","sticky":false,"template":"","format":"standard","meta":{"_bbp_topic_count":0,"_bbp_reply_count":0,"_bbp_total_topic_count":0,"_bbp_total_reply_count":0,"_bbp_voice_count":0,"_bbp_anonymous_reply_count":0,"_bbp_topic_count_hidden":0,"_bbp_reply_count_hidden":0,"_bbp_forum_subforum_count":0,"site-sidebar-layout":"default","site-content-layout":"","ast-site-content-layout":"","site-content-style":"default","site-sidebar-style":"default","ast-global-header-display":"","ast-banner-title-visibility":"","ast-main-header-display":"","ast-hfb-above-header-display":"","ast-hfb-below-header-display":"","ast-hfb-mobile-header-display":"","site-post-title":"","ast-breadcrumbs-content":"","ast-featured-img":"","footer-sml-layout":"","theme-transparent-header-meta":"","adv-header-id-meta":"","stick-header-meta":"","header-above-stick-meta":"","header-main-stick-meta":"","header-below-stick-meta":"","astra-migrate-meta-layouts":"default","ast-page-background-enabled":"default","ast-page-background-meta":{"desktop":{"background-color":"var(--ast-global-color-5)","background-image":"","background-repeat":"repeat","background-position":"center center","background-size":"auto","background-attachment":"scroll","background-type":"","background-media":"","overlay-type":"","overlay-color":"","overlay-opacity":"","overlay-gradient":""},"tablet":{"background-color":"","background-image":"","background-repeat":"repeat","background-position":"center center","background-size":"auto","background-attachment":"scroll","background-type":"","background-media":"","overlay-type":"","overlay-color":"","overlay-opacity":"","overlay-gradient":""},"mobile":{"background-color":"","background-image":"","background-repeat":"repeat","background-position":"center center","background-size":"auto","background-attachment":"scroll","background-type":"","background-media":"","overlay-type":"","overlay-color":"","overlay-opacity":"","overlay-gradient":""}},"ast-content-background-meta":{"desktop":{"background-color":"var(--ast-global-color-4)","background-image":"","background-repeat":"repeat","background-position":"center center","background-size":"auto","background-attachment":"scroll","background-type":"","background-media":"","overlay-type":"","overlay-color":"","overlay-opacity":"","overlay-gradient":""},"tablet":{"background-color":"var(--ast-global-color-4)","background-image":"","background-repeat":"repeat","background-position":"center center","background-size":"auto","background-attachment":"scroll","background-type":"","background-media":"","overlay-type":"","overlay-color":"","overlay-opacity":"","overlay-gradient":""},"mobile":{"background-color":"var(--ast-global-color-4)","background-image":"","background-repeat":"repeat","background-position":"center center","background-size":"auto","background-attachment":"scroll","background-type":"","background-media":"","overlay-type":"","overlay-color":"","overlay-opacity":"","overlay-gradient":""}},"footnotes":""},"categories":[64,142],"tags":[183,184,218],"class_list":["post-10280","post","type-post","status-publish","format-standard","hentry","category-inicial","category-p2","tag-p2a","tag-p2b","tag-projectes"],"post_mailing_queue_ids":[],"_links":{"self":[{"href":"https:\/\/agora.xtec.cat\/escmarquesdelapobla\/wp-json\/wp\/v2\/posts\/10280","targetHints":{"allow":["GET"]}}],"collection":[{"href":"https:\/\/agora.xtec.cat\/escmarquesdelapobla\/wp-json\/wp\/v2\/posts"}],"about":[{"href":"https:\/\/agora.xtec.cat\/escmarquesdelapobla\/wp-json\/wp\/v2\/types\/post"}],"author":[{"embeddable":true,"href":"https:\/\/agora.xtec.cat\/escmarquesdelapobla\/wp-json\/wp\/v2\/users\/2"}],"replies":[{"embeddable":true,"href":"https:\/\/agora.xtec.cat\/escmarquesdelapobla\/wp-json\/wp\/v2\/comments?post=10280"}],"version-history":[{"count":1,"href":"https:\/\/agora.xtec.cat\/escmarquesdelapobla\/wp-json\/wp\/v2\/posts\/10280\/revisions"}],"predecessor-version":[{"id":10281,"href":"https:\/\/agora.xtec.cat\/escmarquesdelapobla\/wp-json\/wp\/v2\/posts\/10280\/revisions\/10281"}],"wp:attachment":[{"href":"https:\/\/agora.xtec.cat\/escmarquesdelapobla\/wp-json\/wp\/v2\/media?parent=10280"}],"wp:term":[{"taxonomy":"category","embeddable":true,"href":"https:\/\/agora.xtec.cat\/escmarquesdelapobla\/wp-json\/wp\/v2\/categories?post=10280"},{"taxonomy":"post_tag","embeddable":true,"href":"https:\/\/agora.xtec.cat\/escmarquesdelapobla\/wp-json\/wp\/v2\/tags?post=10280"}],"curies":[{"name":"wp","href":"https:\/\/api.w.org\/{rel}","templated":true}]}}