{"id":10268,"date":"2021-06-14T11:08:06","date_gmt":"2021-06-14T09:08:06","guid":{"rendered":"http:\/\/agora.xtec.cat\/escmarquesdelapobla\/?p=10268"},"modified":"2021-06-14T11:08:06","modified_gmt":"2021-06-14T09:08:06","slug":"festa-de-la-primavera-a-la-llar-dinfants","status":"publish","type":"post","link":"https:\/\/agora.xtec.cat\/escmarquesdelapobla\/infantil\/festa-de-la-primavera-a-la-llar-dinfants\/","title":{"rendered":"Festa de la primavera a la llar d&#8217;infants"},"content":{"rendered":"<p style=\"text-align: justify;\">Dijous 10 de juny P5 hem celebrat la festa de la primavera amb els nens i nenes de la llar d&#8217;infants els Vailets. Ens ho hem passat molt b\u00e9 amb les hist\u00f2ries que ens ha explicat el Pins\u00e0. Ens ha fet cantar i ballar.<\/p>\n<p style=\"text-align: justify;\">Ho voleu veure?<br \/>\n<a href=\"https:\/\/photos.app.goo.gl\/Fbpdri22c11rJQ6V6\"><img loading=\"lazy\" decoding=\"async\" class=\"aligncenter size-large\" src=\"https:\/\/lh3.googleusercontent.com\/oz6XUBmwxlXQCY1dNwFwAfe6JuVe2_Hs2Oz6eKvrBAzNuAgx4lRhkA1Mey0BlwowLkxhxj7acEAaf1xRWsUuj1PG_aHjGL5zRV7_1l-VoU-aaCLbRG1A4dEJblvylPuLBbud9AUxJ71vwm-UUO9Y5z_5Kzgij6RrIGvq4bpE_o65n7POWrr7mLQsrlJQEShR-V6l4UlNOzGNdqUCQNBcxmJtDlUShRwVP7BRR6MDu7cUoIGsMpWROtwOxVqcNN3vIQnqL1-HZ8SmUvSwX8LVJZcU2_mtNKdgIroXAEaqypEtWl_2ZtvMVtz8e1MjMW-egMysMRMe5xyXH1fUUd7A16cN-Qd_NDXlKVYEPfE9uh_WjphWjOIbGZJe3pPJ4P0jDllC_nv51IK_GEqon4Oze0aMj3AY3WotP0eVHxQFJC3rsM1fKSVS9v-yrbTFWAmbvzkVUEEQbZ8BEi02qxgPmz92amsWMN062UJhCu-voC3zbOsGv_5ft6yts7D6IJLKXTSPL_5EamXeZRdR1j7RkgggXFSRMcNJyVZZGm_zNBgnYeLlw5Tom-g4NDFtYvh00govuu_vqvqB0DYaQRJT0Jp08mCqVERgZEYiAwmmcL9aOV2AZaEtao8xpx8gtbeRZjtuCeXSw_mOhnNbFRV0YP37IRmcIYkgmQ9LPyj1mCCfOoiGEZ3wkTY-mhQVyUkYZl95V6yk8XS74Eeni5BEGLg9=w876-h657-no?authuser=1\" width=\"876\" height=\"657\" \/><\/a><br \/>\nAprofitant que ja \u00e9rem fora de l&#8217;escola, hem anat al parc del\u00a0Capell\u00f3. Ens ho hem passat genial!<\/p>\n","protected":false},"excerpt":{"rendered":"<p>Dijous 10 de juny P5 hem celebrat la festa de la primavera amb els nens i nenes de la llar d&#8217;infants els Vailets. Ens ho hem passat molt b\u00e9 amb les hist\u00f2ries que ens ha explicat el Pins\u00e0. Ens ha fet cantar i ballar. Ho voleu veure? Aprofitant que ja \u00e9rem fora de l&#8217;escola, hem [&hellip;]<\/p>\n","protected":false},"author":1,"featured_media":0,"comment_status":"open","ping_status":"closed","sticky":false,"template":"","format":"standard","meta":{"_bbp_topic_count":0,"_bbp_reply_count":0,"_bbp_total_topic_count":0,"_bbp_total_reply_count":0,"_bbp_voice_count":0,"_bbp_anonymous_reply_count":0,"_bbp_topic_count_hidden":0,"_bbp_reply_count_hidden":0,"_bbp_forum_subforum_count":0,"site-sidebar-layout":"default","site-content-layout":"","ast-site-content-layout":"","site-content-style":"default","site-sidebar-style":"default","ast-global-header-display":"","ast-banner-title-visibility":"","ast-main-header-display":"","ast-hfb-above-header-display":"","ast-hfb-below-header-display":"","ast-hfb-mobile-header-display":"","site-post-title":"","ast-breadcrumbs-content":"","ast-featured-img":"","footer-sml-layout":"","theme-transparent-header-meta":"","adv-header-id-meta":"","stick-header-meta":"","header-above-stick-meta":"","header-main-stick-meta":"","header-below-stick-meta":"","astra-migrate-meta-layouts":"default","ast-page-background-enabled":"default","ast-page-background-meta":{"desktop":{"background-color":"var(--ast-global-color-5)","background-image":"","background-repeat":"repeat","background-position":"center center","background-size":"auto","background-attachment":"scroll","background-type":"","background-media":"","overlay-type":"","overlay-color":"","overlay-opacity":"","overlay-gradient":""},"tablet":{"background-color":"","background-image":"","background-repeat":"repeat","background-position":"center center","background-size":"auto","background-attachment":"scroll","background-type":"","background-media":"","overlay-type":"","overlay-color":"","overlay-opacity":"","overlay-gradient":""},"mobile":{"background-color":"","background-image":"","background-repeat":"repeat","background-position":"center center","background-size":"auto","background-attachment":"scroll","background-type":"","background-media":"","overlay-type":"","overlay-color":"","overlay-opacity":"","overlay-gradient":""}},"ast-content-background-meta":{"desktop":{"background-color":"var(--ast-global-color-4)","background-image":"","background-repeat":"repeat","background-position":"center center","background-size":"auto","background-attachment":"scroll","background-type":"","background-media":"","overlay-type":"","overlay-color":"","overlay-opacity":"","overlay-gradient":""},"tablet":{"background-color":"var(--ast-global-color-4)","background-image":"","background-repeat":"repeat","background-position":"center center","background-size":"auto","background-attachment":"scroll","background-type":"","background-media":"","overlay-type":"","overlay-color":"","overlay-opacity":"","overlay-gradient":""},"mobile":{"background-color":"var(--ast-global-color-4)","background-image":"","background-repeat":"repeat","background-position":"center center","background-size":"auto","background-attachment":"scroll","background-type":"","background-media":"","overlay-type":"","overlay-color":"","overlay-opacity":"","overlay-gradient":""}},"footnotes":""},"categories":[9,2,74],"tags":[197,198,210],"class_list":["post-10268","post","type-post","status-publish","format-standard","hentry","category-i5","category-infantil","category-sortides","tag-i5-a","tag-i5-b","tag-sortides"],"post_mailing_queue_ids":[],"_links":{"self":[{"href":"https:\/\/agora.xtec.cat\/escmarquesdelapobla\/wp-json\/wp\/v2\/posts\/10268","targetHints":{"allow":["GET"]}}],"collection":[{"href":"https:\/\/agora.xtec.cat\/escmarquesdelapobla\/wp-json\/wp\/v2\/posts"}],"about":[{"href":"https:\/\/agora.xtec.cat\/escmarquesdelapobla\/wp-json\/wp\/v2\/types\/post"}],"author":[{"embeddable":true,"href":"https:\/\/agora.xtec.cat\/escmarquesdelapobla\/wp-json\/wp\/v2\/users\/1"}],"replies":[{"embeddable":true,"href":"https:\/\/agora.xtec.cat\/escmarquesdelapobla\/wp-json\/wp\/v2\/comments?post=10268"}],"version-history":[{"count":1,"href":"https:\/\/agora.xtec.cat\/escmarquesdelapobla\/wp-json\/wp\/v2\/posts\/10268\/revisions"}],"predecessor-version":[{"id":10269,"href":"https:\/\/agora.xtec.cat\/escmarquesdelapobla\/wp-json\/wp\/v2\/posts\/10268\/revisions\/10269"}],"wp:attachment":[{"href":"https:\/\/agora.xtec.cat\/escmarquesdelapobla\/wp-json\/wp\/v2\/media?parent=10268"}],"wp:term":[{"taxonomy":"category","embeddable":true,"href":"https:\/\/agora.xtec.cat\/escmarquesdelapobla\/wp-json\/wp\/v2\/categories?post=10268"},{"taxonomy":"post_tag","embeddable":true,"href":"https:\/\/agora.xtec.cat\/escmarquesdelapobla\/wp-json\/wp\/v2\/tags?post=10268"}],"curies":[{"name":"wp","href":"https:\/\/api.w.org\/{rel}","templated":true}]}}