{"id":10260,"date":"2021-06-12T12:41:09","date_gmt":"2021-06-12T10:41:09","guid":{"rendered":"http:\/\/agora.xtec.cat\/escmarquesdelapobla\/?p=10260"},"modified":"2021-06-16T20:12:55","modified_gmt":"2021-06-16T18:12:55","slug":"cercavila-de-gegants","status":"publish","type":"post","link":"https:\/\/agora.xtec.cat\/escmarquesdelapobla\/inicial\/cercavila-de-gegants\/","title":{"rendered":"Cercavila de Gegants"},"content":{"rendered":"<p style=\"text-align: justify;\"><em><strong>Reporters de 2n B: Els Gegants<\/strong><\/em><\/p>\n<p style=\"text-align: justify;\">Durant les Festes del Carrer, a Cicle Inicial hem celebrat el Barri del Gegant d\u2019una manera molt divertida.<\/p>\n<p><a href=\"https:\/\/photos.app.goo.gl\/qeTaG4CqaRQccpQ98\"><img loading=\"lazy\" decoding=\"async\" class=\"alignnone size-large\" src=\"https:\/\/lh3.googleusercontent.com\/pw\/ACtC-3ec2uy0h6o8FELoNE5oNxMXCCSsql3Tj8ipf306Kel5gmvPv7MibXjHqVk-fjgv2a_vH9U308Q-bLC1EjpFuz-LmqRJiaxjzVGBtWNuBJhpykVcGIPr65XRH1yf9iNBBs7BmcL0XDOIa4ARBh51KhjQQw=w1248-h937-no?authuser=0\" width=\"1248\" height=\"937\" \/><\/a><\/p>\n<p style=\"text-align: justify;\">Som la classe dels Gegants i durant el curs hem constru\u00eft uns gegants. Per aix\u00f2 el dimarts vam decidir celebrar-ho i sortir de cercavila a buscar els m\u00fasics i els gegantets, Capell\u00f3 i Miramar.<\/p>\n<p><!--more--><\/p>\n<p style=\"text-align: justify;\">Vam convidar a Les Fonts (2n A), Els Boscos (1r A), Miramar (1r B) i el gegantet Teo, que ens va deixar el Guillem Castells, moltes gr\u00e0cies Guillem!!! Tots plegats vam ballar la Marxa de les Festes del Carrer i el Ball Pla.<\/p>\n<p style=\"text-align: justify;\">Vam estar molt contents i emocionats!<\/p>\n<p style=\"text-align: justify;\">Des de dintre el gegant es veu tot diferent. No es veuen els peus ni tampoc els costats ni darrera, per aix\u00f2 tenim els <em>puntals<\/em> que vigilen.<\/p>\n<p style=\"text-align: justify;\">Va ser un dia de festa s\u00faper especial!!!!!!!!<\/p>\n","protected":false},"excerpt":{"rendered":"<p>Reporters de 2n B: Els Gegants Durant les Festes del Carrer, a Cicle Inicial hem celebrat el Barri del Gegant d\u2019una manera molt divertida. Som la classe dels Gegants i durant el curs hem constru\u00eft uns gegants. Per aix\u00f2 el dimarts vam decidir celebrar-ho i sortir de cercavila a buscar els m\u00fasics i els gegantets, [&hellip;]<\/p>\n","protected":false},"author":2,"featured_media":0,"comment_status":"open","ping_status":"closed","sticky":false,"template":"","format":"standard","meta":{"_bbp_topic_count":0,"_bbp_reply_count":0,"_bbp_total_topic_count":0,"_bbp_total_reply_count":0,"_bbp_voice_count":0,"_bbp_anonymous_reply_count":0,"_bbp_topic_count_hidden":0,"_bbp_reply_count_hidden":0,"_bbp_forum_subforum_count":0,"site-sidebar-layout":"default","site-content-layout":"","ast-site-content-layout":"","site-content-style":"default","site-sidebar-style":"default","ast-global-header-display":"","ast-banner-title-visibility":"","ast-main-header-display":"","ast-hfb-above-header-display":"","ast-hfb-below-header-display":"","ast-hfb-mobile-header-display":"","site-post-title":"","ast-breadcrumbs-content":"","ast-featured-img":"","footer-sml-layout":"","theme-transparent-header-meta":"","adv-header-id-meta":"","stick-header-meta":"","header-above-stick-meta":"","header-main-stick-meta":"","header-below-stick-meta":"","astra-migrate-meta-layouts":"default","ast-page-background-enabled":"default","ast-page-background-meta":{"desktop":{"background-color":"var(--ast-global-color-5)","background-image":"","background-repeat":"repeat","background-position":"center center","background-size":"auto","background-attachment":"scroll","background-type":"","background-media":"","overlay-type":"","overlay-color":"","overlay-opacity":"","overlay-gradient":""},"tablet":{"background-color":"","background-image":"","background-repeat":"repeat","background-position":"center center","background-size":"auto","background-attachment":"scroll","background-type":"","background-media":"","overlay-type":"","overlay-color":"","overlay-opacity":"","overlay-gradient":""},"mobile":{"background-color":"","background-image":"","background-repeat":"repeat","background-position":"center center","background-size":"auto","background-attachment":"scroll","background-type":"","background-media":"","overlay-type":"","overlay-color":"","overlay-opacity":"","overlay-gradient":""}},"ast-content-background-meta":{"desktop":{"background-color":"var(--ast-global-color-4)","background-image":"","background-repeat":"repeat","background-position":"center center","background-size":"auto","background-attachment":"scroll","background-type":"","background-media":"","overlay-type":"","overlay-color":"","overlay-opacity":"","overlay-gradient":""},"tablet":{"background-color":"var(--ast-global-color-4)","background-image":"","background-repeat":"repeat","background-position":"center center","background-size":"auto","background-attachment":"scroll","background-type":"","background-media":"","overlay-type":"","overlay-color":"","overlay-opacity":"","overlay-gradient":""},"mobile":{"background-color":"var(--ast-global-color-4)","background-image":"","background-repeat":"repeat","background-position":"center center","background-size":"auto","background-attachment":"scroll","background-type":"","background-media":"","overlay-type":"","overlay-color":"","overlay-opacity":"","overlay-gradient":""}},"footnotes":""},"categories":[64,141,142,171],"tags":[181,182,183,184,218],"class_list":["post-10260","post","type-post","status-publish","format-standard","hentry","category-inicial","category-p1","category-p2","category-tauler-principal","tag-p1a","tag-p1b","tag-p2a","tag-p2b","tag-projectes"],"post_mailing_queue_ids":[],"_links":{"self":[{"href":"https:\/\/agora.xtec.cat\/escmarquesdelapobla\/wp-json\/wp\/v2\/posts\/10260","targetHints":{"allow":["GET"]}}],"collection":[{"href":"https:\/\/agora.xtec.cat\/escmarquesdelapobla\/wp-json\/wp\/v2\/posts"}],"about":[{"href":"https:\/\/agora.xtec.cat\/escmarquesdelapobla\/wp-json\/wp\/v2\/types\/post"}],"author":[{"embeddable":true,"href":"https:\/\/agora.xtec.cat\/escmarquesdelapobla\/wp-json\/wp\/v2\/users\/2"}],"replies":[{"embeddable":true,"href":"https:\/\/agora.xtec.cat\/escmarquesdelapobla\/wp-json\/wp\/v2\/comments?post=10260"}],"version-history":[{"count":3,"href":"https:\/\/agora.xtec.cat\/escmarquesdelapobla\/wp-json\/wp\/v2\/posts\/10260\/revisions"}],"predecessor-version":[{"id":10264,"href":"https:\/\/agora.xtec.cat\/escmarquesdelapobla\/wp-json\/wp\/v2\/posts\/10260\/revisions\/10264"}],"wp:attachment":[{"href":"https:\/\/agora.xtec.cat\/escmarquesdelapobla\/wp-json\/wp\/v2\/media?parent=10260"}],"wp:term":[{"taxonomy":"category","embeddable":true,"href":"https:\/\/agora.xtec.cat\/escmarquesdelapobla\/wp-json\/wp\/v2\/categories?post=10260"},{"taxonomy":"post_tag","embeddable":true,"href":"https:\/\/agora.xtec.cat\/escmarquesdelapobla\/wp-json\/wp\/v2\/tags?post=10260"}],"curies":[{"name":"wp","href":"https:\/\/api.w.org\/{rel}","templated":true}]}}