{"id":10214,"date":"2021-06-09T21:53:02","date_gmt":"2021-06-09T19:53:02","guid":{"rendered":"http:\/\/agora.xtec.cat\/escmarquesdelapobla\/?p=10214"},"modified":"2021-06-09T22:28:29","modified_gmt":"2021-06-09T20:28:29","slug":"festes-del-carrer-2021","status":"publish","type":"post","link":"https:\/\/agora.xtec.cat\/escmarquesdelapobla\/celebracions\/festes-del-carrer-2021\/","title":{"rendered":"Festes del carrer 2021"},"content":{"rendered":"<p style=\"text-align: justify;\">Avui ha sigut un dia molt especial al Marqu\u00e8s de la Pobla. Com ja sabeu, aquesta setmana es celebren les Festes del carrer al nostre poble, una tradici\u00f3 molt arrelada a Capellades i que sempre ens alegra aquest tram final del curs. Hem aconseguit portar a terme la celebraci\u00f3 a les pistes de l&#8217;escola on sobrava espai per ballar. Feu clic i ho veureu:<\/p>\n<p><a href=\"https:\/\/photos.app.goo.gl\/ULyaUW8hutwRgHqd8\"><img loading=\"lazy\" decoding=\"async\" class=\"size-large aligncenter\" src=\"https:\/\/lh3.googleusercontent.com\/4F7GgCkDgcVbdvxpHy9Tcxe86kgTELQIuRZxYbRqu4MJ0NvhYlBrGEt1Q2ujSvL8mog1O9KhFzgRB4af7V7akzabWQvgKknDri-GEcLuFt1toe25Kby9qLRDA4IqUQIh7WtHLql6tJOVM6mj5bWpeP-mSdAUOBIhTlpWTZiCJCdxYPEVLqlaMpagBkgK8hBXelk_cAz632B27M0YrKIHCGmweQ-RWzRPiKBZLIV3zg5Ba45pVhF9998i3uNwRYYiwGUDRpwIYjCHJvHOJ_mrsG7zn0M0T2TlrSyQhLJr1YFHua9h8oA016uFRu-UcvqC7iSwhJtxdfgqktGnOhKZplFSmu6uwYcCfux9I3oYGnWvCT1i7F0uaPl-51pUlsgUA41GWqlmP2LlcHC3BLh44exh6vTI8A9lZa7lQXOfedEMCU3R7ZcQ-U-z7lEyfA15RFcvsFhZiXBsujnV5TY7uNKPtk9Xu-affNWu2e2v1Q2ZexHhUBg9htwyigi3w0toU0IE8dgemRPs_QT39NU9fHn450mLYzcM1ggdth5Y_xhLsnqKVWPCl5R7Qllfq4GVQ1cvspUqysNRZ6W-uEUd2EcO_IHloWs49moSeQveZ5Tezf8Xz2R_P6YkoWaZ7FLQsC_Xosz5g_tcxILnMe5lyZRNXF7gCoBbv2lXz-YgUoxiY3oyn00P5EMNI9lnuV9cMtyo-CiZ0b-TfTbNl3SfBASz3Q=w960-h720-no?authuser=2\" width=\"960\" height=\"720\" \/><\/a><\/p>\n<p style=\"text-align: justify;\">Hem comen\u00e7at el dia amb la <em>Marxa de les Festes del carrer\u00a0<\/em>amb la tornada que tant la caracteritza i, a m\u00e9s a m\u00e9s, al vest\u00edbul de l&#8217;escola algunes mestres ens han rebut i acomiadat el dia amb un bon repertori de melodies, entre elles les de les Festes, amb el piano, el violoncel i el clarinet, quina passada! Hem quedat bocabadats.<\/p>\n<p style=\"text-align: justify;\"><!--more--><\/p>\n<p style=\"text-align: justify;\">Volem donar les gr\u00e0cies als m\u00fasics i m\u00fasiques de la Banda de l&#8217;Escola de M\u00fasica de Capellades, que ens han fet aquesta visita tan fant\u00e0stica. Ha estat genial tenir-los a prop i sentir els instruments. Fins i tot hem pogut ballar el Ball Pla de Capellades i un pas doble.<\/p>\n<p style=\"text-align: justify;\">Ens ha fet molta il\u00b7lusi\u00f3 comprovar que alguns dels m\u00fasics havien estat alumnes del Marqu\u00e8s!<\/p>\n<p style=\"text-align: justify;\">Ha estat un dia rod\u00f3. El proper curs us esperem de nou!<\/p>\n","protected":false},"excerpt":{"rendered":"<p>Avui ha sigut un dia molt especial al Marqu\u00e8s de la Pobla. Com ja sabeu, aquesta setmana es celebren les Festes del carrer al nostre poble, una tradici\u00f3 molt arrelada a Capellades i que sempre ens alegra aquest tram final del curs. Hem aconseguit portar a terme la celebraci\u00f3 a les pistes de l&#8217;escola on [&hellip;]<\/p>\n","protected":false},"author":2,"featured_media":0,"comment_status":"closed","ping_status":"closed","sticky":false,"template":"","format":"standard","meta":{"_bbp_topic_count":0,"_bbp_reply_count":0,"_bbp_total_topic_count":0,"_bbp_total_reply_count":0,"_bbp_voice_count":0,"_bbp_anonymous_reply_count":0,"_bbp_topic_count_hidden":0,"_bbp_reply_count_hidden":0,"_bbp_forum_subforum_count":0,"site-sidebar-layout":"default","site-content-layout":"","ast-site-content-layout":"","site-content-style":"default","site-sidebar-style":"default","ast-global-header-display":"","ast-banner-title-visibility":"","ast-main-header-display":"","ast-hfb-above-header-display":"","ast-hfb-below-header-display":"","ast-hfb-mobile-header-display":"","site-post-title":"","ast-breadcrumbs-content":"","ast-featured-img":"","footer-sml-layout":"","theme-transparent-header-meta":"","adv-header-id-meta":"","stick-header-meta":"","header-above-stick-meta":"","header-main-stick-meta":"","header-below-stick-meta":"","astra-migrate-meta-layouts":"default","ast-page-background-enabled":"default","ast-page-background-meta":{"desktop":{"background-color":"var(--ast-global-color-5)","background-image":"","background-repeat":"repeat","background-position":"center center","background-size":"auto","background-attachment":"scroll","background-type":"","background-media":"","overlay-type":"","overlay-color":"","overlay-opacity":"","overlay-gradient":""},"tablet":{"background-color":"","background-image":"","background-repeat":"repeat","background-position":"center center","background-size":"auto","background-attachment":"scroll","background-type":"","background-media":"","overlay-type":"","overlay-color":"","overlay-opacity":"","overlay-gradient":""},"mobile":{"background-color":"","background-image":"","background-repeat":"repeat","background-position":"center center","background-size":"auto","background-attachment":"scroll","background-type":"","background-media":"","overlay-type":"","overlay-color":"","overlay-opacity":"","overlay-gradient":""}},"ast-content-background-meta":{"desktop":{"background-color":"var(--ast-global-color-4)","background-image":"","background-repeat":"repeat","background-position":"center center","background-size":"auto","background-attachment":"scroll","background-type":"","background-media":"","overlay-type":"","overlay-color":"","overlay-opacity":"","overlay-gradient":""},"tablet":{"background-color":"var(--ast-global-color-4)","background-image":"","background-repeat":"repeat","background-position":"center center","background-size":"auto","background-attachment":"scroll","background-type":"","background-media":"","overlay-type":"","overlay-color":"","overlay-opacity":"","overlay-gradient":""},"mobile":{"background-color":"var(--ast-global-color-4)","background-image":"","background-repeat":"repeat","background-position":"center center","background-size":"auto","background-attachment":"scroll","background-type":"","background-media":"","overlay-type":"","overlay-color":"","overlay-opacity":"","overlay-gradient":""}},"footnotes":""},"categories":[55,260,171],"tags":[223,207],"class_list":["post-10214","post","type-post","status-publish","format-standard","hentry","category-celebracions","category-fcarrer","category-tauler-principal","tag-lescola","tag-musica"],"post_mailing_queue_ids":[],"_links":{"self":[{"href":"https:\/\/agora.xtec.cat\/escmarquesdelapobla\/wp-json\/wp\/v2\/posts\/10214","targetHints":{"allow":["GET"]}}],"collection":[{"href":"https:\/\/agora.xtec.cat\/escmarquesdelapobla\/wp-json\/wp\/v2\/posts"}],"about":[{"href":"https:\/\/agora.xtec.cat\/escmarquesdelapobla\/wp-json\/wp\/v2\/types\/post"}],"author":[{"embeddable":true,"href":"https:\/\/agora.xtec.cat\/escmarquesdelapobla\/wp-json\/wp\/v2\/users\/2"}],"replies":[{"embeddable":true,"href":"https:\/\/agora.xtec.cat\/escmarquesdelapobla\/wp-json\/wp\/v2\/comments?post=10214"}],"version-history":[{"count":4,"href":"https:\/\/agora.xtec.cat\/escmarquesdelapobla\/wp-json\/wp\/v2\/posts\/10214\/revisions"}],"predecessor-version":[{"id":10224,"href":"https:\/\/agora.xtec.cat\/escmarquesdelapobla\/wp-json\/wp\/v2\/posts\/10214\/revisions\/10224"}],"wp:attachment":[{"href":"https:\/\/agora.xtec.cat\/escmarquesdelapobla\/wp-json\/wp\/v2\/media?parent=10214"}],"wp:term":[{"taxonomy":"category","embeddable":true,"href":"https:\/\/agora.xtec.cat\/escmarquesdelapobla\/wp-json\/wp\/v2\/categories?post=10214"},{"taxonomy":"post_tag","embeddable":true,"href":"https:\/\/agora.xtec.cat\/escmarquesdelapobla\/wp-json\/wp\/v2\/tags?post=10214"}],"curies":[{"name":"wp","href":"https:\/\/api.w.org\/{rel}","templated":true}]}}