{"id":10097,"date":"2021-05-27T13:21:21","date_gmt":"2021-05-27T11:21:21","guid":{"rendered":"http:\/\/agora.xtec.cat\/escmarquesdelapobla\/?p=10097"},"modified":"2021-06-16T20:08:01","modified_gmt":"2021-06-16T18:08:01","slug":"mondrian-a-p3b","status":"publish","type":"post","link":"https:\/\/agora.xtec.cat\/escmarquesdelapobla\/infantil\/mondrian-a-p3b\/","title":{"rendered":"Mondrian a P3B"},"content":{"rendered":"<p style=\"text-align: justify;\">Ja fa uns dies que les nenes i els nens de P3B, la classe del Safareig, estem fent de Mondrian.<\/p>\n<p style=\"text-align: justify;\">Primer, vam veure obres seves i vam parlar una mica d&#8217;ell. Ens vam fixar que dibuixa l\u00ednees de color negre i fa formes geom\u00e8triques com s\u00f3n els rectangles i quadrats. I tamb\u00e9, que nom\u00e9s pinta amb els colors b\u00e0sics (groc, blau i vermell)<\/p>\n<p style=\"text-align: justify;\">Com ens va agradar tant aquest artista ens vam animar a imitar una obra seva i decorar el passad\u00eds.<\/p>\n<p style=\"text-align: justify;\">Voleu veure que maco ens ha quedat?<\/p>\n<p><a href=\"https:\/\/photos.app.goo.gl\/CHccMGoUD7tGCfjg7\"><img loading=\"lazy\" decoding=\"async\" class=\"size-large aligncenter\" src=\"https:\/\/lh3.googleusercontent.com\/ZolT_PM4-RcjQ4mektIpnLSH9e5qbK4dBDEVEc9o4ah9EdgOJw_APnOcFdNQP8lyorspTwvzIGtJaNeOxdlPTxsq4PTg2_KqYIQ3MzDFstXtSf_qUHE1FPjaD0mAoqk37mtAnkom8Kmtj6XMDRI3zURvDdTMgqqPRhqr2YHP4-3Jg_ODrebROHNUG1SZobuGV_ihYkm-1jZknOQ-KZ42rCEEd3SttrLWajYaJ54MmFuKV9G4c4JJ4gzc8naafrVkVKkFw1Db18GbpP9HqDbyQigJT4vwZb5HtKKk69H52GBeDAeTt8nlytxq1wI3fEWmEej26g3cv2J74siytF0qsC_aEFsz_9myzXC5VOwCDGhrbrAlQ6vVCnTslv_BuHikgN8lmtkmSImwr5PLCrGYlc0_vohuGRgqMRwe6584TExE5fyllRbEeDHR5wMAW8SnwYN7UkJHxbFyK6sPoKmqHNn5LWfe0cqNScXS_c3u1L_FnhWcESkTYWnS8MjID1rN1WE0TLmKxtck4QkCMUzJm-Eqvg_ARwIrHGo1g_Pk9GByI9wsrywaosU2mkMlgXe_bD0GOct1c0OaJFB6iFvcLiTFgFTKyh4bFpYjOyHNz0shhYP3kJZk_qaJ7G3zQdRpNdNepMll0O2zXMTBVh64nqu4Zfi6mFqh2kcS8VMikLtM6LlfNXEgCURZHa_JnDoiW4CknUVRXfJuPkc0cpn1ANT5cg=w902-h427-no?authuser=0\" width=\"902\" height=\"427\" \/><\/a><\/p>\n","protected":false},"excerpt":{"rendered":"<p>Ja fa uns dies que les nenes i els nens de P3B, la classe del Safareig, estem fent de Mondrian. Primer, vam veure obres seves i vam parlar una mica d&#8217;ell. Ens vam fixar que dibuixa l\u00ednees de color negre i fa formes geom\u00e8triques com s\u00f3n els rectangles i quadrats. I tamb\u00e9, que nom\u00e9s pinta [&hellip;]<\/p>\n","protected":false},"author":1,"featured_media":0,"comment_status":"open","ping_status":"closed","sticky":false,"template":"","format":"standard","meta":{"_bbp_topic_count":0,"_bbp_reply_count":0,"_bbp_total_topic_count":0,"_bbp_total_reply_count":0,"_bbp_voice_count":0,"_bbp_anonymous_reply_count":0,"_bbp_topic_count_hidden":0,"_bbp_reply_count_hidden":0,"_bbp_forum_subforum_count":0,"site-sidebar-layout":"default","site-content-layout":"","ast-site-content-layout":"","site-content-style":"default","site-sidebar-style":"default","ast-global-header-display":"","ast-banner-title-visibility":"","ast-main-header-display":"","ast-hfb-above-header-display":"","ast-hfb-below-header-display":"","ast-hfb-mobile-header-display":"","site-post-title":"","ast-breadcrumbs-content":"","ast-featured-img":"","footer-sml-layout":"","theme-transparent-header-meta":"","adv-header-id-meta":"","stick-header-meta":"","header-above-stick-meta":"","header-main-stick-meta":"","header-below-stick-meta":"","astra-migrate-meta-layouts":"default","ast-page-background-enabled":"default","ast-page-background-meta":{"desktop":{"background-color":"var(--ast-global-color-5)","background-image":"","background-repeat":"repeat","background-position":"center center","background-size":"auto","background-attachment":"scroll","background-type":"","background-media":"","overlay-type":"","overlay-color":"","overlay-opacity":"","overlay-gradient":""},"tablet":{"background-color":"","background-image":"","background-repeat":"repeat","background-position":"center center","background-size":"auto","background-attachment":"scroll","background-type":"","background-media":"","overlay-type":"","overlay-color":"","overlay-opacity":"","overlay-gradient":""},"mobile":{"background-color":"","background-image":"","background-repeat":"repeat","background-position":"center center","background-size":"auto","background-attachment":"scroll","background-type":"","background-media":"","overlay-type":"","overlay-color":"","overlay-opacity":"","overlay-gradient":""}},"ast-content-background-meta":{"desktop":{"background-color":"var(--ast-global-color-4)","background-image":"","background-repeat":"repeat","background-position":"center center","background-size":"auto","background-attachment":"scroll","background-type":"","background-media":"","overlay-type":"","overlay-color":"","overlay-opacity":"","overlay-gradient":""},"tablet":{"background-color":"var(--ast-global-color-4)","background-image":"","background-repeat":"repeat","background-position":"center center","background-size":"auto","background-attachment":"scroll","background-type":"","background-media":"","overlay-type":"","overlay-color":"","overlay-opacity":"","overlay-gradient":""},"mobile":{"background-color":"var(--ast-global-color-4)","background-image":"","background-repeat":"repeat","background-position":"center center","background-size":"auto","background-attachment":"scroll","background-type":"","background-media":"","overlay-type":"","overlay-color":"","overlay-opacity":"","overlay-gradient":""}},"footnotes":""},"categories":[244,3,2],"tags":[245,193,216],"class_list":["post-10097","post","type-post","status-publish","format-standard","hentry","category-art","category-i3","category-infantil","tag-art","tag-i3-b","tag-tallers"],"post_mailing_queue_ids":[],"_links":{"self":[{"href":"https:\/\/agora.xtec.cat\/escmarquesdelapobla\/wp-json\/wp\/v2\/posts\/10097","targetHints":{"allow":["GET"]}}],"collection":[{"href":"https:\/\/agora.xtec.cat\/escmarquesdelapobla\/wp-json\/wp\/v2\/posts"}],"about":[{"href":"https:\/\/agora.xtec.cat\/escmarquesdelapobla\/wp-json\/wp\/v2\/types\/post"}],"author":[{"embeddable":true,"href":"https:\/\/agora.xtec.cat\/escmarquesdelapobla\/wp-json\/wp\/v2\/users\/1"}],"replies":[{"embeddable":true,"href":"https:\/\/agora.xtec.cat\/escmarquesdelapobla\/wp-json\/wp\/v2\/comments?post=10097"}],"version-history":[{"count":2,"href":"https:\/\/agora.xtec.cat\/escmarquesdelapobla\/wp-json\/wp\/v2\/posts\/10097\/revisions"}],"predecessor-version":[{"id":10108,"href":"https:\/\/agora.xtec.cat\/escmarquesdelapobla\/wp-json\/wp\/v2\/posts\/10097\/revisions\/10108"}],"wp:attachment":[{"href":"https:\/\/agora.xtec.cat\/escmarquesdelapobla\/wp-json\/wp\/v2\/media?parent=10097"}],"wp:term":[{"taxonomy":"category","embeddable":true,"href":"https:\/\/agora.xtec.cat\/escmarquesdelapobla\/wp-json\/wp\/v2\/categories?post=10097"},{"taxonomy":"post_tag","embeddable":true,"href":"https:\/\/agora.xtec.cat\/escmarquesdelapobla\/wp-json\/wp\/v2\/tags?post=10097"}],"curies":[{"name":"wp","href":"https:\/\/api.w.org\/{rel}","templated":true}]}}