{"id":10071,"date":"2021-05-21T10:39:23","date_gmt":"2021-05-21T08:39:23","guid":{"rendered":"http:\/\/agora.xtec.cat\/escmarquesdelapobla\/?p=10071"},"modified":"2021-06-16T20:25:04","modified_gmt":"2021-06-16T18:25:04","slug":"tercer-participa-en-la-trobada-de-corals","status":"publish","type":"post","link":"https:\/\/agora.xtec.cat\/escmarquesdelapobla\/mitja\/tercer-participa-en-la-trobada-de-corals\/","title":{"rendered":"Tercer participa a la Trobada de corals"},"content":{"rendered":"<p style=\"text-align: justify;\">Hola a tothom!<\/p>\n<p style=\"text-align: justify;\">Aquesta \u00e9s una activitat que habitualment es fa de forma presencial en un teatre on hi participen algunes escoles. Aquest any s\u2019ha pogut adaptar en format virtual, <a href=\"https:\/\/www.youtube.com\/watch?v=APCGQVV0oW0\"><strong>aqu\u00ed podeu veure\u2019n un tros<\/strong><\/a>.<\/p>\n<p style=\"text-align: justify;\">Aix\u00ed doncs, el dimecres 12 de maig, les classes del Riu Anoia i La Microclasse vam participar-hi ben contents i satisfets juntament amb\u00a0 les altres escoles assistents. Vam interpretar \u201c El monstre de Banyoles\u201d (3r A) i \u201cla Pu\u00e7a boja\u201d(3r B)\u00a0 relacionades d\u2019alguna manera amb el nom de les nostres classes.<\/p>\n<p><iframe loading=\"lazy\" src=\"https:\/\/www.youtube.com\/embed\/QjACoo-MMcw\" width=\"560\" height=\"315\" frameborder=\"0\"><\/iframe><\/p>\n<p style=\"text-align: justify;\">La Microclasse (3r B), tot i estar confinada va poder seguir for\u00e7a b\u00e9 l\u2019acte des de casa. Sort de les noves tecnologies!<\/p>\n<p>&nbsp;<\/p>\n<p><iframe loading=\"lazy\" src=\"https:\/\/www.youtube.com\/embed\/nxMagie7ZQI\" width=\"560\" height=\"315\" frameborder=\"0\"><\/iframe><\/p>\n<p><!--more--><\/p>\n<p style=\"text-align: justify;\">Vam passar una estona ben bonica gaudint de la m\u00e0gia de la m\u00fasica.<\/p>\n<p style=\"text-align: justify;\">Alumnes i mestres en fem una valoraci\u00f3 molt positiva.<\/p>\n<p style=\"text-align: justify;\">Tot seguit podeu llegir algunes de les sensacions i comentaris dels nostres cantaires i reporters despr\u00e9s de la trobada:<\/p>\n<p style=\"text-align: justify;\">\u00a0-\u201dLa classe del Riu Anoia, hem escollit la can\u00e7\u00f3 del \u201cMonstre de Banyoles\u201d del\u00a0 Toni Gim\u00e9nez perqu\u00e8 est\u00e0 relacionada amb els rius, llacs, estanys i mars. Ens ha quedat molt b\u00e9!\u201d<\/p>\n<p style=\"text-align: justify;\">-\u201dA la can\u00e7\u00f3 veiem com la gent aconsegueix convertir en vegetari\u00e0 al monstre de Banyoles\u201d.<\/p>\n<p style=\"text-align: justify;\">-\u201dLa can\u00e7\u00f3 de \u201cla pu\u00e7a boja\u201d la vam\u00a0 escollir\u00a0 perqu\u00e8 estudiem\u00a0 i investiguem coses petites o animalets, com les puces\u201d.<\/p>\n<p style=\"text-align: justify;\">-\u201dLa nostra can\u00e7\u00f3 tracta sobre una pu\u00e7a boja que ha entrat al llit d\u2019una persona i que molesta\u00a0 molt! Al final la va aconseguir fer fora\u201d.<\/p>\n<p style=\"text-align: justify;\">-\u201dLa can\u00e7\u00f3 de la pu\u00e7a boja \u00e9s molt divertida. Per mi \u00e9s molt original\u201d.<\/p>\n<p style=\"text-align: justify;\">-\u201dPrimer estava una mica nervi\u00f3s per\u00f2 despr\u00e9s m\u2019ha agradat molt\u00edssim!\u201d<\/p>\n<p style=\"text-align: justify;\">-\u201dHa sigut molt xulo, genial! Tots els grups han cantat molt b\u00e9\u201d.<\/p>\n<p style=\"text-align: justify;\">-\u201dEstic molt contenta d&#8217;haver participat\u201d.<\/p>\n<p style=\"text-align: justify;\">-\u201dHem pogut escoltar i practicar molt des de casa\u201d.<\/p>\n<p style=\"text-align: justify;\">-\u201dHem sentit una can\u00e7\u00f3 molt bonica meitat en catal\u00e0 meitat en rus dedicada a les mares\u201d.<\/p>\n<p style=\"text-align: justify;\">-\u201dLa trobada de corals m&#8217;ha semblat una experi\u00e8ncia nova i divertida\u201d.<\/p>\n<p style=\"text-align: justify;\">Com podeu comprovar, les sensacions s\u00f3n molt bones.<\/p>\n<p style=\"text-align: justify;\">Tal com es va dir al final de l\u2019acte,\u00a0 tant de bo el proper curs aquesta trobada es pugui fer de forma presencial i hi puguem participar.<\/p>\n<p style=\"text-align: justify;\">Us deixem algunes fotos, la gravaci\u00f3 de les nostres can\u00e7ons i l\u2019orquestra interpretant el cant com\u00fa. Esperem que us agradin!<\/p>\n<p style=\"text-align: justify;\"><em>Aclariment: Aquest text ha estat iniciat per un grup de reporters de 3r A. Despr\u00e9s s\u2019ha completat amb el treball d\u2019aula i les valoracions de l&#8217;alumnat.<\/em><\/p>\n","protected":false},"excerpt":{"rendered":"<p>Hola a tothom! Aquesta \u00e9s una activitat que habitualment es fa de forma presencial en un teatre on hi participen algunes escoles. Aquest any s\u2019ha pogut adaptar en format virtual, aqu\u00ed podeu veure\u2019n un tros. Aix\u00ed doncs, el dimecres 12 de maig, les classes del Riu Anoia i La Microclasse vam participar-hi ben contents i [&hellip;]<\/p>\n","protected":false},"author":2,"featured_media":10072,"comment_status":"open","ping_status":"closed","sticky":false,"template":"","format":"standard","meta":{"_bbp_topic_count":0,"_bbp_reply_count":0,"_bbp_total_topic_count":0,"_bbp_total_reply_count":0,"_bbp_voice_count":0,"_bbp_anonymous_reply_count":0,"_bbp_topic_count_hidden":0,"_bbp_reply_count_hidden":0,"_bbp_forum_subforum_count":0,"site-sidebar-layout":"default","site-content-layout":"","ast-site-content-layout":"","site-content-style":"default","site-sidebar-style":"default","ast-global-header-display":"","ast-banner-title-visibility":"","ast-main-header-display":"","ast-hfb-above-header-display":"","ast-hfb-below-header-display":"","ast-hfb-mobile-header-display":"","site-post-title":"","ast-breadcrumbs-content":"","ast-featured-img":"","footer-sml-layout":"","theme-transparent-header-meta":"","adv-header-id-meta":"","stick-header-meta":"","header-above-stick-meta":"","header-main-stick-meta":"","header-below-stick-meta":"","astra-migrate-meta-layouts":"default","ast-page-background-enabled":"default","ast-page-background-meta":{"desktop":{"background-color":"var(--ast-global-color-5)","background-image":"","background-repeat":"repeat","background-position":"center center","background-size":"auto","background-attachment":"scroll","background-type":"","background-media":"","overlay-type":"","overlay-color":"","overlay-opacity":"","overlay-gradient":""},"tablet":{"background-color":"","background-image":"","background-repeat":"repeat","background-position":"center center","background-size":"auto","background-attachment":"scroll","background-type":"","background-media":"","overlay-type":"","overlay-color":"","overlay-opacity":"","overlay-gradient":""},"mobile":{"background-color":"","background-image":"","background-repeat":"repeat","background-position":"center center","background-size":"auto","background-attachment":"scroll","background-type":"","background-media":"","overlay-type":"","overlay-color":"","overlay-opacity":"","overlay-gradient":""}},"ast-content-background-meta":{"desktop":{"background-color":"var(--ast-global-color-4)","background-image":"","background-repeat":"repeat","background-position":"center center","background-size":"auto","background-attachment":"scroll","background-type":"","background-media":"","overlay-type":"","overlay-color":"","overlay-opacity":"","overlay-gradient":""},"tablet":{"background-color":"var(--ast-global-color-4)","background-image":"","background-repeat":"repeat","background-position":"center center","background-size":"auto","background-attachment":"scroll","background-type":"","background-media":"","overlay-type":"","overlay-color":"","overlay-opacity":"","overlay-gradient":""},"mobile":{"background-color":"var(--ast-global-color-4)","background-image":"","background-repeat":"repeat","background-position":"center center","background-size":"auto","background-attachment":"scroll","background-type":"","background-media":"","overlay-type":"","overlay-color":"","overlay-opacity":"","overlay-gradient":""}},"footnotes":""},"categories":[244,65,140],"tags":[245,185,186],"class_list":["post-10071","post","type-post","status-publish","format-standard","has-post-thumbnail","hentry","category-art","category-mitja","category-p3","tag-art","tag-p3a","tag-p3b"],"post_mailing_queue_ids":[],"_links":{"self":[{"href":"https:\/\/agora.xtec.cat\/escmarquesdelapobla\/wp-json\/wp\/v2\/posts\/10071","targetHints":{"allow":["GET"]}}],"collection":[{"href":"https:\/\/agora.xtec.cat\/escmarquesdelapobla\/wp-json\/wp\/v2\/posts"}],"about":[{"href":"https:\/\/agora.xtec.cat\/escmarquesdelapobla\/wp-json\/wp\/v2\/types\/post"}],"author":[{"embeddable":true,"href":"https:\/\/agora.xtec.cat\/escmarquesdelapobla\/wp-json\/wp\/v2\/users\/2"}],"replies":[{"embeddable":true,"href":"https:\/\/agora.xtec.cat\/escmarquesdelapobla\/wp-json\/wp\/v2\/comments?post=10071"}],"version-history":[{"count":2,"href":"https:\/\/agora.xtec.cat\/escmarquesdelapobla\/wp-json\/wp\/v2\/posts\/10071\/revisions"}],"predecessor-version":[{"id":10090,"href":"https:\/\/agora.xtec.cat\/escmarquesdelapobla\/wp-json\/wp\/v2\/posts\/10071\/revisions\/10090"}],"wp:featuredmedia":[{"embeddable":true,"href":"https:\/\/agora.xtec.cat\/escmarquesdelapobla\/wp-json\/wp\/v2\/media\/10072"}],"wp:attachment":[{"href":"https:\/\/agora.xtec.cat\/escmarquesdelapobla\/wp-json\/wp\/v2\/media?parent=10071"}],"wp:term":[{"taxonomy":"category","embeddable":true,"href":"https:\/\/agora.xtec.cat\/escmarquesdelapobla\/wp-json\/wp\/v2\/categories?post=10071"},{"taxonomy":"post_tag","embeddable":true,"href":"https:\/\/agora.xtec.cat\/escmarquesdelapobla\/wp-json\/wp\/v2\/tags?post=10071"}],"curies":[{"name":"wp","href":"https:\/\/api.w.org\/{rel}","templated":true}]}}