{"id":10019,"date":"2021-05-17T15:06:53","date_gmt":"2021-05-17T13:06:53","guid":{"rendered":"http:\/\/agora.xtec.cat\/escmarquesdelapobla\/?p=10019"},"modified":"2021-05-17T15:09:25","modified_gmt":"2021-05-17T13:09:25","slug":"hem-de-seguir-endavant","status":"publish","type":"post","link":"https:\/\/agora.xtec.cat\/escmarquesdelapobla\/superior\/p6\/hem-de-seguir-endavant\/","title":{"rendered":"Hem de seguir endavant"},"content":{"rendered":"<p class=\"MsoNormal\" style=\"text-align: justify;\"><span lang=\"CA\" style=\"font-size: 12.0pt; line-height: 115%; mso-ascii-font-family: Calibri; mso-hansi-font-family: Calibri; mso-bidi-font-family: Calibri; mso-ansi-language: CA;\">Esperem que aquesta sigui l&#8217;\u00faltima vegada que haguem d&#8217;explicar-vos els dies del tercer confinament que acabem de finalitzar.<\/span><\/p>\n<p class=\"MsoNormal\" style=\"text-align: justify;\"><span lang=\"CA\" style=\"font-size: 12.0pt; line-height: 115%; mso-ascii-font-family: Calibri; mso-hansi-font-family: Calibri; mso-bidi-font-family: Calibri; mso-ansi-language: CA;\">Per ara, comencem:<\/span><\/p>\n<p class=\"MsoNormal\" style=\"text-align: justify;\"><span lang=\"CA\" style=\"font-size: 12.0pt; line-height: 115%; mso-ascii-font-family: Calibri; mso-hansi-font-family: Calibri; mso-bidi-font-family: Calibri; mso-ansi-language: CA;\">Hola a tothom, i s\u00ed, som la classe de 6\u00e8 A, i, per variar, hem tornat a estar confinats.<\/span><\/p>\n<p><img loading=\"lazy\" decoding=\"async\" class=\"alignnone size-full wp-image-10020\" src=\"https:\/\/agora.xtec.cat\/escmarquesdelapobla\/wp-content\/uploads\/usu1682\/2021\/05\/Foto.png\" alt=\"\" width=\"1366\" height=\"768\" srcset=\"https:\/\/agora.xtec.cat\/escmarquesdelapobla\/wp-content\/uploads\/usu1682\/2021\/05\/Foto.png 1366w, https:\/\/agora.xtec.cat\/escmarquesdelapobla\/wp-content\/uploads\/usu1682\/2021\/05\/Foto-300x169.png 300w, https:\/\/agora.xtec.cat\/escmarquesdelapobla\/wp-content\/uploads\/usu1682\/2021\/05\/Foto-768x432.png 768w, https:\/\/agora.xtec.cat\/escmarquesdelapobla\/wp-content\/uploads\/usu1682\/2021\/05\/Foto-1024x576.png 1024w\" sizes=\"auto, (max-width: 1366px) 100vw, 1366px\" \/><\/p>\n<p class=\"MsoNormal\" style=\"text-align: justify;\"><span lang=\"CA\" style=\"font-size: 12.0pt; line-height: 115%; mso-ascii-font-family: Calibri; mso-hansi-font-family: Calibri; mso-bidi-font-family: Calibri; mso-ansi-language: CA;\">A m\u00e9s a m\u00e9s de nosaltres, 6 persones de la classe de 6\u00e8 B van ser confinades. <\/span><\/p>\n<p class=\"MsoNormal\" style=\"text-align: justify;\"><span lang=\"CA\" style=\"font-size: 12.0pt; line-height: 115%; mso-ascii-font-family: Calibri; mso-hansi-font-family: Calibri; mso-bidi-font-family: Calibri; mso-ansi-language: CA;\">Comptem amb informaci\u00f3 que verifica que aquestes persones van ser confinades per estar en contacte directe amb la persona positiva.<\/span><\/p>\n<p><!--more--><\/p>\n<p class=\"MsoNormal\" style=\"text-align: justify;\"><span lang=\"CA\" style=\"font-size: 12.0pt; line-height: 115%; mso-ascii-font-family: Calibri; mso-hansi-font-family: Calibri; mso-bidi-font-family: Calibri; mso-ansi-language: CA;\">Com ja sabeu, no direm el nom d&#8217;aquesta persona per privacitat, per\u00f2 podem assegurar-vos que la persona en q\u00fcesti\u00f3 es troba en perfectes condicions i que en pocs dies ja podr\u00e0 tornar a l&#8217;escola.<\/span><\/p>\n<p class=\"MsoNormal\" style=\"text-align: justify;\"><span lang=\"CA\" style=\"font-size: 12.0pt; line-height: 115%; mso-ascii-font-family: Calibri; mso-hansi-font-family: Calibri; mso-bidi-font-family: Calibri; mso-ansi-language: CA;\">Hem estat v\u00e0ries vegades confinats\/des, aix\u00ed que quan l&#8217;alumne\/a va marxar a casa, el dia dimecres 5 de maig, ja intu\u00edem que marxava per ser contacte directe d\u2019un positiu.<\/span><\/p>\n<p class=\"MsoNormal\" style=\"text-align: justify;\"><span lang=\"CA\" style=\"font-size: 12.0pt; line-height: 115%; mso-ascii-font-family: Calibri; mso-hansi-font-family: Calibri; mso-bidi-font-family: Calibri; mso-ansi-language: CA;\">El divendres 7 de maig a la nit, ens van trucar de l&#8217;escola per avisar-nos de qu\u00e8, efectivament, l&#8217;alumne\/a havia donat positiu. I, si voleu que us diguem la veritat, en el moment de saber la not\u00edcia, vam tenir reaccions molt diferents. Alguns\/es s&#8217;alegraven d&#8217;estar confinats, altres, estaven trists, i d&#8217;altres estaven frustrats.<\/span><\/p>\n<p class=\"MsoNormal\" style=\"text-align: justify;\"><span lang=\"CA\" style=\"font-size: 12.0pt; line-height: 115%; mso-ascii-font-family: Calibri; mso-hansi-font-family: Calibri; mso-bidi-font-family: Calibri; mso-ansi-language: CA;\">Dilluns 10 de maig, vam anar al col\u00b7legi per fer-nos les PCR, i mentre an\u00e0vem, alguns pensaven que era esgotador estar confinats un altre cop, mentre que d&#8217;altres pens\u00e0vem que hav\u00edem d&#8217;aprofitar aquella estona, perqu\u00e8, no nom\u00e9s no tornar\u00edem a sortir fins d&#8217;aqu\u00ed un temps, sin\u00f3 que tamb\u00e9 serien uns dies sense veure als nostres companys i a les nostres companyes cara a cara. <\/span><\/p>\n<p class=\"MsoNormal\" style=\"text-align: justify;\"><span lang=\"CA\" style=\"font-size: 12.0pt; line-height: 115%; mso-ascii-font-family: Calibri; mso-hansi-font-family: Calibri; mso-bidi-font-family: Calibri; mso-ansi-language: CA;\">Un cop vam arribar, ens vam reunir en petits grups de dos, tres, o quatre persones. I quan va ser l&#8217;hora de fer-nos les PCR, la majoria no est\u00e0vem gaire nerviosos, ja que all\u00f2 era com una rutina dels nostres tres confinaments, i alguns ja havien estat m\u00e9s vegades en confinament.<\/span><\/p>\n<p class=\"MsoNormal\" style=\"text-align: justify;\"><span lang=\"CA\" style=\"font-size: 12.0pt; line-height: 115%; mso-ascii-font-family: Calibri; mso-hansi-font-family: Calibri; mso-bidi-font-family: Calibri; mso-ansi-language: CA;\">La sensaci\u00f3 que vam tenir al fer-nos les PCR va ser bastant variada, per\u00f2 nosaltres vam fer una petita enquesta preguntant si els hi havia fet mal. Aquestes van ser algunes de les respostes obtingudes: &#8220;m\u00e9s molest que l&#8217;altra vegada&#8221;, &#8220;m\u00e9s pessigolles&#8221;, &#8220;la segona vegada em va molestar m\u00e9s&#8221;, etc.<\/span><\/p>\n<p class=\"MsoNormal\" style=\"text-align: justify;\"><span lang=\"CA\" style=\"font-size: 12.0pt; line-height: 115%; mso-ascii-font-family: Calibri; mso-hansi-font-family: Calibri; mso-bidi-font-family: Calibri; mso-ansi-language: CA;\">Segurament ja sabreu les nostres rutines de confinament, per\u00f2 per qui no ho s\u00e0piga, les recordem: de 9 a 9.35 del mat\u00ed f\u00e8iem un Zoom per explicar les tasques del dia, que estaven penjades al Moodle, i de 4 a 4.40 les correg\u00edem.<\/span><\/p>\n<p class=\"MsoNormal\" style=\"text-align: justify;\"><span lang=\"CA\" style=\"font-size: 12.0pt; line-height: 115%; mso-ascii-font-family: Calibri; mso-hansi-font-family: Calibri; mso-bidi-font-family: Calibri; mso-ansi-language: CA;\">Durant aquests dies hem fet un debat online sobre l\u2019amistat. Hem obert molts temes com per exemple que a la vida un t\u00e9 pocs amics de veritat, que poden ser per a tota la vida, que les amistats no han de ser exclusives, que nois i noies poden ser amics&#8230;<\/span><\/p>\n<p class=\"MsoNormal\" style=\"text-align: justify;\"><span lang=\"CA\" style=\"font-size: 12.0pt; line-height: 115%; mso-ascii-font-family: Calibri; mso-hansi-font-family: Calibri; mso-bidi-font-family: Calibri; mso-ansi-language: CA;\">Com els altres darrers confinaments, us diem que mai perdeu l&#8217;esperan\u00e7a, i us desitgem molts \u00e0nims, perqu\u00e8 heu de seguir endavant, vosaltres podeu!!!<\/span><\/p>\n<p class=\"MsoNormal\" style=\"text-align: justify;\"><span lang=\"CA\" style=\"font-size: 12.0pt; line-height: 115%; mso-ascii-font-family: Calibri; mso-hansi-font-family: Calibri; mso-bidi-font-family: Calibri; mso-ansi-language: CA;\">&#8220;No importa quantes vegades caiguis, l&#8217;important \u00e9s quantes t&#8217;aixeques&#8221;<\/span><\/p>\n<p class=\"MsoNormal\" style=\"text-align: justify;\"><span lang=\"CA\" style=\"font-size: 12.0pt; line-height: 115%; mso-ascii-font-family: Calibri; mso-hansi-font-family: Calibri; mso-bidi-font-family: Calibri; mso-ansi-language: CA;\">Autores: Noah Garc\u00eda Martin i Arian Busquets Hidalgo. (Revisat per tota la classe de 6\u00e8 A)<\/span><\/p>\n<p>&nbsp;<\/p>\n<p>&nbsp;<\/p>\n","protected":false},"excerpt":{"rendered":"<p>Esperem que aquesta sigui l&#8217;\u00faltima vegada que haguem d&#8217;explicar-vos els dies del tercer confinament que acabem de finalitzar. Per ara, comencem: Hola a tothom, i s\u00ed, som la classe de 6\u00e8 A, i, per variar, hem tornat a estar confinats. A m\u00e9s a m\u00e9s de nosaltres, 6 persones de la classe de 6\u00e8 B van [&hellip;]<\/p>\n","protected":false},"author":2,"featured_media":0,"comment_status":"open","ping_status":"closed","sticky":false,"template":"","format":"standard","meta":{"_bbp_topic_count":0,"_bbp_reply_count":0,"_bbp_total_topic_count":0,"_bbp_total_reply_count":0,"_bbp_voice_count":0,"_bbp_anonymous_reply_count":0,"_bbp_topic_count_hidden":0,"_bbp_reply_count_hidden":0,"_bbp_forum_subforum_count":0,"site-sidebar-layout":"default","site-content-layout":"","ast-site-content-layout":"","site-content-style":"default","site-sidebar-style":"default","ast-global-header-display":"","ast-banner-title-visibility":"","ast-main-header-display":"","ast-hfb-above-header-display":"","ast-hfb-below-header-display":"","ast-hfb-mobile-header-display":"","site-post-title":"","ast-breadcrumbs-content":"","ast-featured-img":"","footer-sml-layout":"","theme-transparent-header-meta":"","adv-header-id-meta":"","stick-header-meta":"","header-above-stick-meta":"","header-main-stick-meta":"","header-below-stick-meta":"","astra-migrate-meta-layouts":"default","ast-page-background-enabled":"default","ast-page-background-meta":{"desktop":{"background-color":"var(--ast-global-color-5)","background-image":"","background-repeat":"repeat","background-position":"center center","background-size":"auto","background-attachment":"scroll","background-type":"","background-media":"","overlay-type":"","overlay-color":"","overlay-opacity":"","overlay-gradient":""},"tablet":{"background-color":"","background-image":"","background-repeat":"repeat","background-position":"center center","background-size":"auto","background-attachment":"scroll","background-type":"","background-media":"","overlay-type":"","overlay-color":"","overlay-opacity":"","overlay-gradient":""},"mobile":{"background-color":"","background-image":"","background-repeat":"repeat","background-position":"center center","background-size":"auto","background-attachment":"scroll","background-type":"","background-media":"","overlay-type":"","overlay-color":"","overlay-opacity":"","overlay-gradient":""}},"ast-content-background-meta":{"desktop":{"background-color":"var(--ast-global-color-4)","background-image":"","background-repeat":"repeat","background-position":"center center","background-size":"auto","background-attachment":"scroll","background-type":"","background-media":"","overlay-type":"","overlay-color":"","overlay-opacity":"","overlay-gradient":""},"tablet":{"background-color":"var(--ast-global-color-4)","background-image":"","background-repeat":"repeat","background-position":"center center","background-size":"auto","background-attachment":"scroll","background-type":"","background-media":"","overlay-type":"","overlay-color":"","overlay-opacity":"","overlay-gradient":""},"mobile":{"background-color":"var(--ast-global-color-4)","background-image":"","background-repeat":"repeat","background-position":"center center","background-size":"auto","background-attachment":"scroll","background-type":"","background-media":"","overlay-type":"","overlay-color":"","overlay-opacity":"","overlay-gradient":""}},"footnotes":""},"categories":[133],"tags":[211],"class_list":["post-10019","post","type-post","status-publish","format-standard","hentry","category-p6","tag-p6a"],"post_mailing_queue_ids":[],"_links":{"self":[{"href":"https:\/\/agora.xtec.cat\/escmarquesdelapobla\/wp-json\/wp\/v2\/posts\/10019","targetHints":{"allow":["GET"]}}],"collection":[{"href":"https:\/\/agora.xtec.cat\/escmarquesdelapobla\/wp-json\/wp\/v2\/posts"}],"about":[{"href":"https:\/\/agora.xtec.cat\/escmarquesdelapobla\/wp-json\/wp\/v2\/types\/post"}],"author":[{"embeddable":true,"href":"https:\/\/agora.xtec.cat\/escmarquesdelapobla\/wp-json\/wp\/v2\/users\/2"}],"replies":[{"embeddable":true,"href":"https:\/\/agora.xtec.cat\/escmarquesdelapobla\/wp-json\/wp\/v2\/comments?post=10019"}],"version-history":[{"count":3,"href":"https:\/\/agora.xtec.cat\/escmarquesdelapobla\/wp-json\/wp\/v2\/posts\/10019\/revisions"}],"predecessor-version":[{"id":10023,"href":"https:\/\/agora.xtec.cat\/escmarquesdelapobla\/wp-json\/wp\/v2\/posts\/10019\/revisions\/10023"}],"wp:attachment":[{"href":"https:\/\/agora.xtec.cat\/escmarquesdelapobla\/wp-json\/wp\/v2\/media?parent=10019"}],"wp:term":[{"taxonomy":"category","embeddable":true,"href":"https:\/\/agora.xtec.cat\/escmarquesdelapobla\/wp-json\/wp\/v2\/categories?post=10019"},{"taxonomy":"post_tag","embeddable":true,"href":"https:\/\/agora.xtec.cat\/escmarquesdelapobla\/wp-json\/wp\/v2\/tags?post=10019"}],"curies":[{"name":"wp","href":"https:\/\/api.w.org\/{rel}","templated":true}]}}