{"id":9378,"date":"2018-03-12T19:34:26","date_gmt":"2018-03-12T18:34:26","guid":{"rendered":"http:\/\/agora.xtec.cat\/escmadorell\/?p=9378"},"modified":"2018-05-08T15:42:46","modified_gmt":"2018-05-08T13:42:46","slug":"casal-de-setmana-santa-2","status":"publish","type":"post","link":"https:\/\/agora.xtec.cat\/escmadorell\/afa\/casal-de-setmana-santa-2\/","title":{"rendered":"Casal de Setmana Santa"},"content":{"rendered":"<h6><\/h6>\n<div>Us informem que al final\u00a0SI que es realitza el casal de setmana santa a l&#8217;escola.<br \/>\nEls serveis que han sortit s\u00f3n:<br \/>\n&#8211;\u00a0Acollida\u00a08 a 9h<br \/>\n&#8211;\u00a0Casal Opci\u00f3 A:\u00a09 a 13:30h<br \/>\n&#8211;\u00a0Casal Opci\u00f3 B:\u00a09 a 16:30h amb servei de menjador i ludoteca.<\/div>\n<div>\n<p>Hem ampliat fins aquest divendres 16 de mar\u00e7 per a rebre m\u00e9s inscripcions.<\/p>\n<p>Podeu demanar el full d&#8217;inscripci\u00f3 a Amapola.<\/p>\n<p>El dimarts 20 de mar\u00e7 enviarem un email a totes la fam\u00edlies amb l&#8217;horari, men\u00fas i informacions varies.<\/p>\n<\/div>\n<div><\/div>\n<p><a href=\"https:\/\/agora.xtec.cat\/escmadorell\/wp-content\/uploads\/usu1350\/2018\/02\/CASAL-SETMANA-SANTA-madorell.pdf\">CASAL SETMANA SANTA madorell<\/a><\/p>\n","protected":false},"excerpt":{"rendered":"<p>Us informem que al final\u00a0SI que es realitza el casal de setmana santa a l&#8217;escola.<br \/>\nEls serveis que han sortit s\u00f3n:<br \/>\n&#8211;\u00a0Acollida\u00a08 a 9h<br \/>\n&#8211;\u00a0Casal Opci\u00f3 A:\u00a09 a 13:30h<br \/>\n&#8211;\u00a0Casal Opci\u00f3 B:\u00a09 a 16:30h amb servei de menjador i ludoteca.<\/p>\n<p>Hem ampliat fins aquest divendres 16 de mar\u00e7 per a&hellip;  <a href=\"https:\/\/agora.xtec.cat\/escmadorell\/afa\/casal-de-setmana-santa-2\/\" title=\"Read Casal de Setmana Santa\">Llegeix m\u00e9s\u00bb<\/a><\/p>\n","protected":false},"author":43,"featured_media":0,"comment_status":"open","ping_status":"closed","sticky":false,"template":"","format":"standard","meta":{"_bbp_topic_count":0,"_bbp_reply_count":0,"_bbp_total_topic_count":0,"_bbp_total_reply_count":0,"_bbp_voice_count":0,"_bbp_anonymous_reply_count":0,"_bbp_topic_count_hidden":0,"_bbp_reply_count_hidden":0,"_bbp_forum_subforum_count":0,"footnotes":""},"categories":[105,7,156],"tags":[172],"class_list":["post-9378","post","type-post","status-publish","format-standard","hentry","category-activitats-afa","category-afa","category-curs-1718","tag-casal-setmana-santa"],"post_mailing_queue_ids":[],"_links":{"self":[{"href":"https:\/\/agora.xtec.cat\/escmadorell\/wp-json\/wp\/v2\/posts\/9378","targetHints":{"allow":["GET"]}}],"collection":[{"href":"https:\/\/agora.xtec.cat\/escmadorell\/wp-json\/wp\/v2\/posts"}],"about":[{"href":"https:\/\/agora.xtec.cat\/escmadorell\/wp-json\/wp\/v2\/types\/post"}],"author":[{"embeddable":true,"href":"https:\/\/agora.xtec.cat\/escmadorell\/wp-json\/wp\/v2\/users\/43"}],"replies":[{"embeddable":true,"href":"https:\/\/agora.xtec.cat\/escmadorell\/wp-json\/wp\/v2\/comments?post=9378"}],"version-history":[{"count":3,"href":"https:\/\/agora.xtec.cat\/escmadorell\/wp-json\/wp\/v2\/posts\/9378\/revisions"}],"predecessor-version":[{"id":9389,"href":"https:\/\/agora.xtec.cat\/escmadorell\/wp-json\/wp\/v2\/posts\/9378\/revisions\/9389"}],"wp:attachment":[{"href":"https:\/\/agora.xtec.cat\/escmadorell\/wp-json\/wp\/v2\/media?parent=9378"}],"wp:term":[{"taxonomy":"category","embeddable":true,"href":"https:\/\/agora.xtec.cat\/escmadorell\/wp-json\/wp\/v2\/categories?post=9378"},{"taxonomy":"post_tag","embeddable":true,"href":"https:\/\/agora.xtec.cat\/escmadorell\/wp-json\/wp\/v2\/tags?post=9378"}],"curies":[{"name":"wp","href":"https:\/\/api.w.org\/{rel}","templated":true}]}}