{"id":9333,"date":"2018-02-27T20:01:08","date_gmt":"2018-02-27T19:01:08","guid":{"rendered":"http:\/\/agora.xtec.cat\/escmadorell\/?p=9333"},"modified":"2018-05-08T15:43:53","modified_gmt":"2018-05-08T13:43:53","slug":"previsio-meteorologica-dimecres-28-febrer","status":"publish","type":"post","link":"https:\/\/agora.xtec.cat\/escmadorell\/curs-1718\/previsio-meteorologica-dimecres-28-febrer\/","title":{"rendered":"Previsi\u00f3 meteorol\u00f2gica dimecres 28 febrer"},"content":{"rendered":"<p>Segons informacions de Protecci\u00f3 Civil les previsions meteorol\u00f2giques han empitjorat per dem\u00e0 dimecres i per tant s\u2019ha d\u2019evitar al m\u00e0xim l\u2019\u00fas dels vehicles i el transport escolar ser\u00e0 anul\u00b7lat.<\/p>\n<p>Donades les prediccions, en el cas que dem\u00e0 al nostre municipi la neu hagi quallat i aix\u00f2 \u00a0suposi dificultats per arribar tant del professorat com de l\u2019alumnat al centre, no \u00e9s podr\u00e0 garantir l\u2019activitat acad\u00e8mica normalitzada.<\/p>\n<p>El centre romandr\u00e0 obert amb serveis m\u00ednims.<\/p>\n","protected":false},"excerpt":{"rendered":"<p>Segons informacions de Protecci\u00f3 Civil les previsions meteorol\u00f2giques han empitjorat per dem\u00e0 dimecres i per tant s\u2019ha d\u2019evitar al m\u00e0xim l\u2019\u00fas dels vehicles i el transport escolar ser\u00e0 anul\u00b7lat.<br \/>\nDonades les prediccions, en el cas que dem\u00e0 al nostre municipi la neu hagi quallat i aix\u00f2&hellip;  <a href=\"https:\/\/agora.xtec.cat\/escmadorell\/curs-1718\/previsio-meteorologica-dimecres-28-febrer\/\" title=\"Read Previsi\u00f3 meteorol\u00f2gica dimecres 28 febrer\">Llegeix m\u00e9s\u00bb<\/a><\/p>\n","protected":false},"author":43,"featured_media":0,"comment_status":"open","ping_status":"closed","sticky":false,"template":"","format":"standard","meta":{"_bbp_topic_count":0,"_bbp_reply_count":0,"_bbp_total_topic_count":0,"_bbp_total_reply_count":0,"_bbp_voice_count":0,"_bbp_anonymous_reply_count":0,"_bbp_topic_count_hidden":0,"_bbp_reply_count_hidden":0,"_bbp_forum_subforum_count":0,"footnotes":""},"categories":[156],"tags":[],"class_list":["post-9333","post","type-post","status-publish","format-standard","hentry","category-curs-1718"],"post_mailing_queue_ids":[],"_links":{"self":[{"href":"https:\/\/agora.xtec.cat\/escmadorell\/wp-json\/wp\/v2\/posts\/9333","targetHints":{"allow":["GET"]}}],"collection":[{"href":"https:\/\/agora.xtec.cat\/escmadorell\/wp-json\/wp\/v2\/posts"}],"about":[{"href":"https:\/\/agora.xtec.cat\/escmadorell\/wp-json\/wp\/v2\/types\/post"}],"author":[{"embeddable":true,"href":"https:\/\/agora.xtec.cat\/escmadorell\/wp-json\/wp\/v2\/users\/43"}],"replies":[{"embeddable":true,"href":"https:\/\/agora.xtec.cat\/escmadorell\/wp-json\/wp\/v2\/comments?post=9333"}],"version-history":[{"count":1,"href":"https:\/\/agora.xtec.cat\/escmadorell\/wp-json\/wp\/v2\/posts\/9333\/revisions"}],"predecessor-version":[{"id":9334,"href":"https:\/\/agora.xtec.cat\/escmadorell\/wp-json\/wp\/v2\/posts\/9333\/revisions\/9334"}],"wp:attachment":[{"href":"https:\/\/agora.xtec.cat\/escmadorell\/wp-json\/wp\/v2\/media?parent=9333"}],"wp:term":[{"taxonomy":"category","embeddable":true,"href":"https:\/\/agora.xtec.cat\/escmadorell\/wp-json\/wp\/v2\/categories?post=9333"},{"taxonomy":"post_tag","embeddable":true,"href":"https:\/\/agora.xtec.cat\/escmadorell\/wp-json\/wp\/v2\/tags?post=9333"}],"curies":[{"name":"wp","href":"https:\/\/api.w.org\/{rel}","templated":true}]}}