{"id":9254,"date":"2018-01-28T22:21:25","date_gmt":"2018-01-28T21:21:25","guid":{"rendered":"http:\/\/agora.xtec.cat\/escmadorell\/?p=9254"},"modified":"2018-02-28T15:30:23","modified_gmt":"2018-02-28T14:30:23","slug":"portes-obertes-escola-madorell","status":"publish","type":"post","link":"https:\/\/agora.xtec.cat\/escmadorell\/general\/portes-obertes-escola-madorell\/","title":{"rendered":"Portes obertes Escola Madorell"},"content":{"rendered":"<p>El proper dijous 8 de mar\u00e7 la nostra Escola far\u00e0 la Jornada de Portes Obertes per a aquelles fam\u00edlies que han de triar escola per als seus fills\/es el curs vinent.<br \/>\nHi ha tres horaris: a les 9:15h i 15:15h on es pot veure el normal funcionament de l\u2019Escola i a les 17:30h amb servei d\u2019acollida.<br \/>\nHi esteu tots convidats.<\/p>\n","protected":false},"excerpt":{"rendered":"<p>El proper dijous 8 de mar\u00e7 la nostra Escola far\u00e0 la Jornada de Portes Obertes per a aquelles fam\u00edlies que han de triar escola per als seus fills\/es el curs vinent.<br \/>\nHi ha tres horaris: a les 9:15h i 15:15h on es pot veure el normal&hellip;  <a href=\"https:\/\/agora.xtec.cat\/escmadorell\/general\/portes-obertes-escola-madorell\/\" title=\"Read Portes obertes Escola Madorell\">Llegeix m\u00e9s\u00bb<\/a><\/p>\n","protected":false},"author":43,"featured_media":0,"comment_status":"open","ping_status":"closed","sticky":false,"template":"","format":"standard","meta":{"_bbp_topic_count":0,"_bbp_reply_count":0,"_bbp_total_topic_count":0,"_bbp_total_reply_count":0,"_bbp_voice_count":0,"_bbp_anonymous_reply_count":0,"_bbp_topic_count_hidden":0,"_bbp_reply_count_hidden":0,"_bbp_forum_subforum_count":0,"footnotes":""},"categories":[1],"tags":[170],"class_list":["post-9254","post","type-post","status-publish","format-standard","hentry","category-general","tag-portes-obertes"],"post_mailing_queue_ids":[],"_links":{"self":[{"href":"https:\/\/agora.xtec.cat\/escmadorell\/wp-json\/wp\/v2\/posts\/9254","targetHints":{"allow":["GET"]}}],"collection":[{"href":"https:\/\/agora.xtec.cat\/escmadorell\/wp-json\/wp\/v2\/posts"}],"about":[{"href":"https:\/\/agora.xtec.cat\/escmadorell\/wp-json\/wp\/v2\/types\/post"}],"author":[{"embeddable":true,"href":"https:\/\/agora.xtec.cat\/escmadorell\/wp-json\/wp\/v2\/users\/43"}],"replies":[{"embeddable":true,"href":"https:\/\/agora.xtec.cat\/escmadorell\/wp-json\/wp\/v2\/comments?post=9254"}],"version-history":[{"count":3,"href":"https:\/\/agora.xtec.cat\/escmadorell\/wp-json\/wp\/v2\/posts\/9254\/revisions"}],"predecessor-version":[{"id":9257,"href":"https:\/\/agora.xtec.cat\/escmadorell\/wp-json\/wp\/v2\/posts\/9254\/revisions\/9257"}],"wp:attachment":[{"href":"https:\/\/agora.xtec.cat\/escmadorell\/wp-json\/wp\/v2\/media?parent=9254"}],"wp:term":[{"taxonomy":"category","embeddable":true,"href":"https:\/\/agora.xtec.cat\/escmadorell\/wp-json\/wp\/v2\/categories?post=9254"},{"taxonomy":"post_tag","embeddable":true,"href":"https:\/\/agora.xtec.cat\/escmadorell\/wp-json\/wp\/v2\/tags?post=9254"}],"curies":[{"name":"wp","href":"https:\/\/api.w.org\/{rel}","templated":true}]}}