{"id":843,"date":"2017-02-16T22:43:50","date_gmt":"2017-02-16T21:43:50","guid":{"rendered":"http:\/\/agora.xtec.cat\/escmadorell\/?p=843"},"modified":"2017-02-28T21:23:53","modified_gmt":"2017-02-28T20:23:53","slug":"campanya-casa-nostra-casa-vostra","status":"publish","type":"post","link":"https:\/\/agora.xtec.cat\/escmadorell\/afa\/campanya-casa-nostra-casa-vostra\/","title":{"rendered":"Campanya &#8216;Casa nostra, casa vostra&#8217;"},"content":{"rendered":"<p style=\"text-align: center;\"><a href=\"https:\/\/www.youtube.com\/watch?v=KVnqUVLv7pU\" target=\"_blank\" rel=\"nofollow\" shape=\"rect\" data-saferedirecturl=\"https:\/\/www.google.com\/url?hl=ca&amp;q=https:\/\/www.youtube.com\/watch?v%3DKVnqUVLv7pU&amp;source=gmail&amp;ust=1487365442327000&amp;usg=AFQjCNG4aHrHjKIrAsLw4sYsXH8f-VP-FA\"><iframe loading=\"lazy\" src=\"\/\/www.youtube.com\/embed\/KVnqUVLv7pU\" width=\"560\" height=\"314\" allowfullscreen=\"allowfullscreen\"><\/iframe><\/a><a href=\"https:\/\/agora.xtec.cat\/escmadorell\/wp-content\/uploads\/usu1350\/2017\/02\/REFUGEES.png\"><br \/>\n<\/a><a id=\"m_876859556993763300gmail-m_4812893036915062205gmail-yui_3_16_0_ym19_1_1487010326488_11423\" href=\"http:\/\/stopmaremortum.org\/\" target=\"_blank\" rel=\"nofollow\" shape=\"rect\" data-saferedirecturl=\"https:\/\/www.google.com\/url?hl=ca&amp;q=http:\/\/stopmaremortum.org\/&amp;source=gmail&amp;ust=1487365442327000&amp;usg=AFQjCNHIrHTvvk9uoOy-Byncny4CjFYGbg\"><\/a><a id=\"m_876859556993763300gmail-m_4812893036915062205gmail-yui_3_16_0_ym19_1_1487010326488_11449\" href=\"https:\/\/www.youtube.com\/watch?v=KVnqUVLv7pU\" target=\"_blank\" rel=\"nofollow\" shape=\"rect\" data-saferedirecturl=\"https:\/\/www.google.com\/url?hl=ca&amp;q=https:\/\/www.youtube.com\/watch?v%3DKVnqUVLv7pU&amp;source=gmail&amp;ust=1487365442327000&amp;usg=AFQjCNG4aHrHjKIrAsLw4sYsXH8f-VP-FA\"><\/a><\/p>\n<div id=\"m_876859556993763300gmail-m_4812893036915062205gmail-yui_3_16_0_ym19_1_1487010326488_11363\" class=\"m_876859556993763300gmail-m_4812893036915062205gmail-yahoo_quoted\">\n<div id=\"m_876859556993763300gmail-m_4812893036915062205gmail-yui_3_16_0_ym19_1_1487010326488_11362\">\n<div id=\"m_876859556993763300gmail-m_4812893036915062205gmail-yui_3_16_0_ym19_1_1487010326488_11361\">\n<div id=\"m_876859556993763300gmail-m_4812893036915062205gmail-yui_3_16_0_ym19_1_1487010326488_11405\" class=\"m_876859556993763300gmail-m_4812893036915062205gmail-y_msg_container\">\n<div id=\"m_876859556993763300gmail-m_4812893036915062205gmail-yiv0648971659\">\n<div id=\"m_876859556993763300gmail-m_4812893036915062205gmail-yui_3_16_0_ym19_1_1487010326488_11404\">\n<p class=\"m_876859556993763300gmail-m_4812893036915062205gmail-yiv0648971659WordSection1\" style=\"text-align: justify;\"><a href=\"https:\/\/agora.xtec.cat\/escmadorell\/wp-content\/uploads\/usu1350\/2017\/02\/REFUGEES.png\"><img loading=\"lazy\" decoding=\"async\" class=\"wp-image-848 aligncenter\" src=\"https:\/\/agora.xtec.cat\/escmadorell\/wp-content\/uploads\/usu1350\/2017\/02\/REFUGEES.png\" alt=\"refugees\" width=\"190\" height=\"190\" srcset=\"https:\/\/agora.xtec.cat\/escmadorell\/wp-content\/uploads\/usu1350\/2017\/02\/REFUGEES.png 2400w, https:\/\/agora.xtec.cat\/escmadorell\/wp-content\/uploads\/usu1350\/2017\/02\/REFUGEES-150x150.png 150w, https:\/\/agora.xtec.cat\/escmadorell\/wp-content\/uploads\/usu1350\/2017\/02\/REFUGEES-300x300.png 300w, https:\/\/agora.xtec.cat\/escmadorell\/wp-content\/uploads\/usu1350\/2017\/02\/REFUGEES-768x768.png 768w, https:\/\/agora.xtec.cat\/escmadorell\/wp-content\/uploads\/usu1350\/2017\/02\/REFUGEES-1024x1024.png 1024w\" sizes=\"auto, (max-width: 190px) 100vw, 190px\" \/><\/a>\u00a0<span style=\"font-family: verdana, sans-serif;\">Les AMPA dels instituts i escoles p\u00fabliques de Molins, en el marc de la campanya &#8216;<b>Casa nostra, casa vostra&#8217;<\/b>, volem col\u00b7laborar en la sensibilitzaci\u00f3 sobre la crisi dels refugiats. Per aix\u00f2, us enviem els seg\u00fcents enlla\u00e7os, perqu\u00e8 pugueu ampliar la vostra informaci\u00f3 i, si voleu, la pugueu compartir amb els vostres fills i filles.<\/span><\/p>\n<p id=\"m_876859556993763300gmail-m_4812893036915062205gmail-yui_3_16_0_ym19_1_1487010326488_11408\" class=\"m_876859556993763300gmail-m_4812893036915062205gmail-yiv0648971659MsoNormal\" style=\"text-align: justify;\"><span id=\"m_876859556993763300gmail-m_4812893036915062205gmail-yui_3_16_0_ym19_1_1487010326488_11407\"><span style=\"font-family: verdana, sans-serif;\">Tamb\u00e9 us enviem la convocat\u00f2ria de la manifestaci\u00f3 del proper dissabtedia 18 de febrer, a les 16 hores, a la Pla\u00e7a Urquinaona.<br \/>\n<\/span>El grup de #MolinsAcull es trobar\u00e0 a les 15 hores a l\u2019estaci\u00f3 de Renfe.<span style=\"font-family: verdana, sans-serif;\"><br \/>\n<\/span><\/span><\/p>\n<p id=\"m_876859556993763300gmail-m_4812893036915062205gmail-yui_3_16_0_ym19_1_1487010326488_11411\" class=\"m_876859556993763300gmail-m_4812893036915062205gmail-yiv0648971659MsoNormal\" style=\"text-align: center;\"><a href=\"http:\/\/www.casanostracasavostra.cat\/gran-manifestacio\"><span id=\"m_876859556993763300gmail-m_4812893036915062205gmail-yui_3_16_0_ym19_1_1487010326488_11413\">http:\/\/www.casanostracasavostr<wbr \/>a.cat\/gran-manifestacio<br \/>\n<\/span><\/a>\u00a0<a href=\"http:\/\/stopmaremortum.org\/\" target=\"_blank\" rel=\"nofollow\" shape=\"rect\" data-saferedirecturl=\"https:\/\/www.google.com\/url?hl=ca&amp;q=http:\/\/stopmaremortum.org\/&amp;source=gmail&amp;ust=1487365442327000&amp;usg=AFQjCNHIrHTvvk9uoOy-Byncny4CjFYGbg\">http:\/\/stopmaremortum.org<\/a><a id=\"m_876859556993763300gmail-m_4812893036915062205gmail-yui_3_16_0_ym19_1_1487010326488_11423\" href=\"http:\/\/stopmaremortum.org\/\" target=\"_blank\" rel=\"nofollow\" shape=\"rect\" data-saferedirecturl=\"https:\/\/www.google.com\/url?hl=ca&amp;q=http:\/\/stopmaremortum.org\/&amp;source=gmail&amp;ust=1487365442327000&amp;usg=AFQjCNHIrHTvvk9uoOy-Byncny4CjFYGbg\"><br \/>\n<\/a><a href=\"http:\/\/www.casanostracasavostra.cat\/\" target=\"_blank\" rel=\"nofollow\" shape=\"rect\" data-saferedirecturl=\"https:\/\/www.google.com\/url?hl=ca&amp;q=http:\/\/www.casanostracasavostra.cat\/&amp;source=gmail&amp;ust=1487365442327000&amp;usg=AFQjCNGdGsh4-jbOXW2c0gCRBOR5FyfzjQ\">www.casanostracasavostra.cat<\/a><\/p>\n<\/div>\n<\/div>\n<\/div>\n<\/div>\n<\/div>\n<\/div>\n","protected":false},"excerpt":{"rendered":"<p><a href=\"https:\/\/www.youtube.com\/watch?v=KVnqUVLv7pU\" target=\"_blank\" rel=\"nofollow\" shape=\"rect\" data-saferedirecturl=\"https:\/\/www.google.com\/url?hl=ca&amp;q=https:\/\/www.youtube.com\/watch?v%3DKVnqUVLv7pU&amp;source=gmail&amp;ust=1487365442327000&amp;usg=AFQjCNG4aHrHjKIrAsLw4sYsXH8f-VP-FA\"><\/a><a href=\"https:\/\/agora.xtec.cat\/escmadorell\/wp-content\/uploads\/usu1350\/2017\/02\/REFUGEES.png\"><br \/>\n<\/a><a id=\"m_876859556993763300gmail-m_4812893036915062205gmail-yui_3_16_0_ym19_1_1487010326488_11423\" href=\"http:\/\/stopmaremortum.org\/\" target=\"_blank\" rel=\"nofollow\" shape=\"rect\" data-saferedirecturl=\"https:\/\/www.google.com\/url?hl=ca&amp;q=http:\/\/stopmaremortum.org\/&amp;source=gmail&amp;ust=1487365442327000&amp;usg=AFQjCNHIrHTvvk9uoOy-Byncny4CjFYGbg\"><\/a><a id=\"m_876859556993763300gmail-m_4812893036915062205gmail-yui_3_16_0_ym19_1_1487010326488_11449\" href=\"https:\/\/www.youtube.com\/watch?v=KVnqUVLv7pU\" target=\"_blank\" rel=\"nofollow\" shape=\"rect\" data-saferedirecturl=\"https:\/\/www.google.com\/url?hl=ca&amp;q=https:\/\/www.youtube.com\/watch?v%3DKVnqUVLv7pU&amp;source=gmail&amp;ust=1487365442327000&amp;usg=AFQjCNG4aHrHjKIrAsLw4sYsXH8f-VP-FA\"><\/a><\/p>\n<p><a href=\"https:\/\/agora.xtec.cat\/escmadorell\/wp-content\/uploads\/usu1350\/2017\/02\/REFUGEES.png\"><\/a>\u00a0Les AMPA dels instituts i escoles p\u00fabliques de Molins, en el marc de la campanya &#8216;Casa nostra, casa vostra&#8217;, volem col\u00b7laborar en la sensibilitzaci\u00f3 sobre la&hellip;  <a href=\"https:\/\/agora.xtec.cat\/escmadorell\/afa\/campanya-casa-nostra-casa-vostra\/\" title=\"Read Campanya &#8216;Casa nostra, casa vostra&#8217;\">Llegeix m\u00e9s\u00bb<\/a><\/p>\n","protected":false},"author":43,"featured_media":848,"comment_status":"open","ping_status":"open","sticky":false,"template":"","format":"standard","meta":{"_bbp_topic_count":0,"_bbp_reply_count":0,"_bbp_total_topic_count":0,"_bbp_total_reply_count":0,"_bbp_voice_count":0,"_bbp_anonymous_reply_count":0,"_bbp_topic_count_hidden":0,"_bbp_reply_count_hidden":0,"_bbp_forum_subforum_count":0,"footnotes":""},"categories":[7],"tags":[],"class_list":["post-843","post","type-post","status-publish","format-standard","has-post-thumbnail","hentry","category-afa"],"post_mailing_queue_ids":[],"_links":{"self":[{"href":"https:\/\/agora.xtec.cat\/escmadorell\/wp-json\/wp\/v2\/posts\/843","targetHints":{"allow":["GET"]}}],"collection":[{"href":"https:\/\/agora.xtec.cat\/escmadorell\/wp-json\/wp\/v2\/posts"}],"about":[{"href":"https:\/\/agora.xtec.cat\/escmadorell\/wp-json\/wp\/v2\/types\/post"}],"author":[{"embeddable":true,"href":"https:\/\/agora.xtec.cat\/escmadorell\/wp-json\/wp\/v2\/users\/43"}],"replies":[{"embeddable":true,"href":"https:\/\/agora.xtec.cat\/escmadorell\/wp-json\/wp\/v2\/comments?post=843"}],"version-history":[{"count":4,"href":"https:\/\/agora.xtec.cat\/escmadorell\/wp-json\/wp\/v2\/posts\/843\/revisions"}],"predecessor-version":[{"id":2824,"href":"https:\/\/agora.xtec.cat\/escmadorell\/wp-json\/wp\/v2\/posts\/843\/revisions\/2824"}],"wp:featuredmedia":[{"embeddable":true,"href":"https:\/\/agora.xtec.cat\/escmadorell\/wp-json\/wp\/v2\/media\/848"}],"wp:attachment":[{"href":"https:\/\/agora.xtec.cat\/escmadorell\/wp-json\/wp\/v2\/media?parent=843"}],"wp:term":[{"taxonomy":"category","embeddable":true,"href":"https:\/\/agora.xtec.cat\/escmadorell\/wp-json\/wp\/v2\/categories?post=843"},{"taxonomy":"post_tag","embeddable":true,"href":"https:\/\/agora.xtec.cat\/escmadorell\/wp-json\/wp\/v2\/tags?post=843"}],"curies":[{"name":"wp","href":"https:\/\/api.w.org\/{rel}","templated":true}]}}