{"id":3383,"date":"2017-05-24T22:48:40","date_gmt":"2017-05-24T20:48:40","guid":{"rendered":"http:\/\/agora.xtec.cat\/escmadorell\/?p=3383"},"modified":"2018-04-07T16:23:17","modified_gmt":"2018-04-07T14:23:17","slug":"dimarts-30-a-les-17h-assemblea-ampa","status":"publish","type":"post","link":"https:\/\/agora.xtec.cat\/escmadorell\/afa\/dimarts-30-a-les-17h-assemblea-ampa\/","title":{"rendered":"Dimarts 30 a les 17h: ASSEMBLEA AMPA"},"content":{"rendered":"<p>Benvolgudes fam\u00edlies,<br \/>\nEm plau convocar-vos a la propera <strong>assemblea general extraordin\u00e0ria de l\u2019AMPA<\/strong> de l\u2019Escola JM Madorell, que tindr\u00e0 lloc el proper <strong>dimarts 30\u00a0 de maig de 2017 a les 17 h<\/strong> a la biblioteca de l\u2019Escola, amb l\u2019ordre del dia seg\u00fcent:<\/p>\n<ol>\n<li>Explicaci\u00f3 de la problem\u00e0tica amb els tendals del pati de prim\u00e0ria i aprovaci\u00f3 de les possibles solucions.<\/li>\n<li>Aprovaci\u00f3 de la modificaci\u00f3 de la quota de l\u2019AMPA.<\/li>\n<li>Aprovaci\u00f3 de la modificaci\u00f3 del nom de l\u2019associaci\u00f3 per AFA: Associaci\u00f3 Fam\u00edlies d\u2019Alumnes.<\/li>\n<li>Informaci\u00f3 de les extraescolars del curs 17\/18.<\/li>\n<li>Torn obert de paraula.<\/li>\n<\/ol>\n<p>Per la import\u00e0ncia dels temes que s\u2019hi han de tractar, us demanem a totes les fam\u00edlies que hi assistiu.<br \/>\nHi haur\u00e0 servei d\u2019acollida.<\/p>\n<p>La presidenta de l\u2019AMPA<br \/>\nEsther Geric\u00f3<\/p>\n","protected":false},"excerpt":{"rendered":"<p>Benvolgudes fam\u00edlies,<br \/>\nEm plau convocar-vos a la propera assemblea general extraordin\u00e0ria de l\u2019AMPA de l\u2019Escola JM Madorell, que tindr\u00e0 lloc el proper dimarts 30\u00a0 de maig de 2017 a les 17 h a la biblioteca de l\u2019Escola, amb l\u2019ordre del dia seg\u00fcent:<\/p>\n<ol>\n<li>Explicaci\u00f3 de la problem\u00e0tica amb&hellip;  <a href=\"https:\/\/agora.xtec.cat\/escmadorell\/afa\/dimarts-30-a-les-17h-assemblea-ampa\/\" title=\"Read Dimarts 30 a les 17h: ASSEMBLEA AMPA\">Llegeix m\u00e9s\u00bb<\/a><br \/>\n","protected":false},"author":43,"featured_media":0,"comment_status":"open","ping_status":"open","sticky":false,"template":"","format":"standard","meta":{"_bbp_topic_count":0,"_bbp_reply_count":0,"_bbp_total_topic_count":0,"_bbp_total_reply_count":0,"_bbp_voice_count":0,"_bbp_anonymous_reply_count":0,"_bbp_topic_count_hidden":0,"_bbp_reply_count_hidden":0,"_bbp_forum_subforum_count":0,"footnotes":""},"categories":[7],"tags":[],"class_list":["post-3383","post","type-post","status-publish","format-standard","hentry","category-afa"],"post_mailing_queue_ids":[],"_links":{"self":[{"href":"https:\/\/agora.xtec.cat\/escmadorell\/wp-json\/wp\/v2\/posts\/3383","targetHints":{"allow":["GET"]}}],"collection":[{"href":"https:\/\/agora.xtec.cat\/escmadorell\/wp-json\/wp\/v2\/posts"}],"about":[{"href":"https:\/\/agora.xtec.cat\/escmadorell\/wp-json\/wp\/v2\/types\/post"}],"author":[{"embeddable":true,"href":"https:\/\/agora.xtec.cat\/escmadorell\/wp-json\/wp\/v2\/users\/43"}],"replies":[{"embeddable":true,"href":"https:\/\/agora.xtec.cat\/escmadorell\/wp-json\/wp\/v2\/comments?post=3383"}],"version-history":[{"count":2,"href":"https:\/\/agora.xtec.cat\/escmadorell\/wp-json\/wp\/v2\/posts\/3383\/revisions"}],"predecessor-version":[{"id":3385,"href":"https:\/\/agora.xtec.cat\/escmadorell\/wp-json\/wp\/v2\/posts\/3383\/revisions\/3385"}],"wp:attachment":[{"href":"https:\/\/agora.xtec.cat\/escmadorell\/wp-json\/wp\/v2\/media?parent=3383"}],"wp:term":[{"taxonomy":"category","embeddable":true,"href":"https:\/\/agora.xtec.cat\/escmadorell\/wp-json\/wp\/v2\/categories?post=3383"},{"taxonomy":"post_tag","embeddable":true,"href":"https:\/\/agora.xtec.cat\/escmadorell\/wp-json\/wp\/v2\/tags?post=3383"}],"curies":[{"name":"wp","href":"https:\/\/api.w.org\/{rel}","templated":true}]}}