{"id":3251,"date":"2017-04-18T23:09:45","date_gmt":"2017-04-18T21:09:45","guid":{"rendered":"http:\/\/agora.xtec.cat\/escmadorell\/?p=3251"},"modified":"2018-04-07T16:17:48","modified_gmt":"2018-04-07T14:17:48","slug":"colonies-infantil-i-primaria","status":"publish","type":"post","link":"https:\/\/agora.xtec.cat\/escmadorell\/afa\/colonies-infantil-i-primaria\/","title":{"rendered":"Col\u00f2nies Infantil i Prim\u00e0ria"},"content":{"rendered":"<p>Els nens i nenes de prim\u00e0ria i dues valentes de P4 van passar uns dies d&#8217;all\u00f2 m\u00e9s divertits a la casa de col\u00f2nies de El Collell.<br \/>\nVan ser dies plens de riures i d&#8217;activitats molt divertides i enriquidores: H\u00edpica, Quads, Roc\u00f2drom, Tir amb Arc, Camp d&#8217;aventures entre d&#8217;altres pels m\u00e9s grans i els m\u00e9s petits van gaudir molt amb els follets i la fada Fantasia del Bosc Fant\u00e0stic.<br \/>\nEns fa molt feli\u00e7os que gaudiu tant d&#8217;aquesta experi\u00e8ncia!!<br \/>\nVisca les Col\u00f2nies!!!!<\/p>\n<p><a href=\"https:\/\/agora.xtec.cat\/escmadorell\/wp-content\/uploads\/usu1350\/2017\/04\/col\u00f2nies-2017.png\"><img loading=\"lazy\" decoding=\"async\" class=\"alignnone size-full wp-image-3252\" src=\"https:\/\/agora.xtec.cat\/escmadorell\/wp-content\/uploads\/usu1350\/2017\/04\/col\u00f2nies-2017.png\" alt=\"col\u00f2nies 2017\" width=\"954\" height=\"543\" srcset=\"https:\/\/agora.xtec.cat\/escmadorell\/wp-content\/uploads\/usu1350\/2017\/04\/col\u00f2nies-2017.png 954w, https:\/\/agora.xtec.cat\/escmadorell\/wp-content\/uploads\/usu1350\/2017\/04\/col\u00f2nies-2017-300x171.png 300w, https:\/\/agora.xtec.cat\/escmadorell\/wp-content\/uploads\/usu1350\/2017\/04\/col\u00f2nies-2017-768x437.png 768w\" sizes=\"auto, (max-width: 954px) 100vw, 954px\" \/><\/a><\/p>\n<p>&nbsp;<\/p>\n","protected":false},"excerpt":{"rendered":"<p>Els nens i nenes de prim\u00e0ria i dues valentes de P4 van passar uns dies d&#8217;all\u00f2 m\u00e9s divertits a la casa de col\u00f2nies de El Collell.<br \/>\nVan ser dies plens de riures i d&#8217;activitats molt divertides i enriquidores: H\u00edpica, Quads, Roc\u00f2drom, Tir amb Arc, Camp d&#8217;aventures&hellip;  <a href=\"https:\/\/agora.xtec.cat\/escmadorell\/afa\/colonies-infantil-i-primaria\/\" title=\"Read Col\u00f2nies Infantil i Prim\u00e0ria\">Llegeix m\u00e9s\u00bb<\/a><\/p>\n","protected":false},"author":43,"featured_media":3252,"comment_status":"open","ping_status":"open","sticky":false,"template":"","format":"standard","meta":{"_bbp_topic_count":0,"_bbp_reply_count":0,"_bbp_total_topic_count":0,"_bbp_total_reply_count":0,"_bbp_voice_count":0,"_bbp_anonymous_reply_count":0,"_bbp_topic_count_hidden":0,"_bbp_reply_count_hidden":0,"_bbp_forum_subforum_count":0,"footnotes":""},"categories":[7],"tags":[],"class_list":["post-3251","post","type-post","status-publish","format-standard","has-post-thumbnail","hentry","category-afa"],"post_mailing_queue_ids":[],"_links":{"self":[{"href":"https:\/\/agora.xtec.cat\/escmadorell\/wp-json\/wp\/v2\/posts\/3251","targetHints":{"allow":["GET"]}}],"collection":[{"href":"https:\/\/agora.xtec.cat\/escmadorell\/wp-json\/wp\/v2\/posts"}],"about":[{"href":"https:\/\/agora.xtec.cat\/escmadorell\/wp-json\/wp\/v2\/types\/post"}],"author":[{"embeddable":true,"href":"https:\/\/agora.xtec.cat\/escmadorell\/wp-json\/wp\/v2\/users\/43"}],"replies":[{"embeddable":true,"href":"https:\/\/agora.xtec.cat\/escmadorell\/wp-json\/wp\/v2\/comments?post=3251"}],"version-history":[{"count":2,"href":"https:\/\/agora.xtec.cat\/escmadorell\/wp-json\/wp\/v2\/posts\/3251\/revisions"}],"predecessor-version":[{"id":3256,"href":"https:\/\/agora.xtec.cat\/escmadorell\/wp-json\/wp\/v2\/posts\/3251\/revisions\/3256"}],"wp:featuredmedia":[{"embeddable":true,"href":"https:\/\/agora.xtec.cat\/escmadorell\/wp-json\/wp\/v2\/media\/3252"}],"wp:attachment":[{"href":"https:\/\/agora.xtec.cat\/escmadorell\/wp-json\/wp\/v2\/media?parent=3251"}],"wp:term":[{"taxonomy":"category","embeddable":true,"href":"https:\/\/agora.xtec.cat\/escmadorell\/wp-json\/wp\/v2\/categories?post=3251"},{"taxonomy":"post_tag","embeddable":true,"href":"https:\/\/agora.xtec.cat\/escmadorell\/wp-json\/wp\/v2\/tags?post=3251"}],"curies":[{"name":"wp","href":"https:\/\/api.w.org\/{rel}","templated":true}]}}