{"id":3230,"date":"2017-04-06T22:29:22","date_gmt":"2017-04-06T20:29:22","guid":{"rendered":"http:\/\/agora.xtec.cat\/escmadorell\/?p=3230"},"modified":"2018-04-07T16:17:48","modified_gmt":"2018-04-07T14:17:48","slug":"horaris-sortida-i-tornada-de-les-colonies-2","status":"publish","type":"post","link":"https:\/\/agora.xtec.cat\/escmadorell\/afa\/horaris-sortida-i-tornada-de-les-colonies-2\/","title":{"rendered":"Horaris sortida i tornada de les Col\u00f2nies"},"content":{"rendered":"<h5 style=\"text-align: center;\">Us informem que els horaris de sortida i tornada<br \/>\nde les <strong>Col\u00f2nies Infantil i Prim\u00e0ria<\/strong> s\u00f3n:<\/h5>\n<h5 style=\"text-align: center;\"><strong>sortida: dilluns\u00a010\u00a0a les 8:00h<\/strong><br \/>\n(us demanem que arribeu 10 minuts abans per poder sortir puntuals)<\/h5>\n<h5 style=\"text-align: center;\"><strong>tornada: dimecres\u00a012\u00a0a les 18:30h<br \/>\n<\/strong><br \/>\nLloc: Avda. Primer de Maig cantonada amb Carrer Miquel Torell\u00f3 (carrer de la porta de les acollides)<\/h5>\n<h5 style=\"text-align: center;\">\u00c9s el mateix lloc d&#8217;on surten sempre els autobusos de les excursions de l&#8217;Escola.<\/h5>\n","protected":false},"excerpt":{"rendered":"<p>Us informem que els horaris de sortida i tornada<br \/>\nde les Col\u00f2nies Infantil i Prim\u00e0ria s\u00f3n:<br \/>\nsortida: dilluns\u00a010\u00a0a les 8:00h<br \/>\n(us demanem que arribeu 10 minuts abans per poder sortir puntuals)<br \/>\ntornada: dimecres\u00a012\u00a0a les 18:30h<\/p>\n<p>Lloc: Avda. Primer de Maig cantonada amb Carrer Miquel Torell\u00f3 (carrer de la porta de&hellip;  <a href=\"https:\/\/agora.xtec.cat\/escmadorell\/afa\/horaris-sortida-i-tornada-de-les-colonies-2\/\" title=\"Read Horaris sortida i tornada de les Col\u00f2nies\">Llegeix m\u00e9s\u00bb<\/a><\/p>\n","protected":false},"author":43,"featured_media":0,"comment_status":"open","ping_status":"open","sticky":false,"template":"","format":"standard","meta":{"_bbp_topic_count":0,"_bbp_reply_count":0,"_bbp_total_topic_count":0,"_bbp_total_reply_count":0,"_bbp_voice_count":0,"_bbp_anonymous_reply_count":0,"_bbp_topic_count_hidden":0,"_bbp_reply_count_hidden":0,"_bbp_forum_subforum_count":0,"footnotes":""},"categories":[7],"tags":[],"class_list":["post-3230","post","type-post","status-publish","format-standard","hentry","category-afa"],"post_mailing_queue_ids":[],"_links":{"self":[{"href":"https:\/\/agora.xtec.cat\/escmadorell\/wp-json\/wp\/v2\/posts\/3230","targetHints":{"allow":["GET"]}}],"collection":[{"href":"https:\/\/agora.xtec.cat\/escmadorell\/wp-json\/wp\/v2\/posts"}],"about":[{"href":"https:\/\/agora.xtec.cat\/escmadorell\/wp-json\/wp\/v2\/types\/post"}],"author":[{"embeddable":true,"href":"https:\/\/agora.xtec.cat\/escmadorell\/wp-json\/wp\/v2\/users\/43"}],"replies":[{"embeddable":true,"href":"https:\/\/agora.xtec.cat\/escmadorell\/wp-json\/wp\/v2\/comments?post=3230"}],"version-history":[{"count":3,"href":"https:\/\/agora.xtec.cat\/escmadorell\/wp-json\/wp\/v2\/posts\/3230\/revisions"}],"predecessor-version":[{"id":3233,"href":"https:\/\/agora.xtec.cat\/escmadorell\/wp-json\/wp\/v2\/posts\/3230\/revisions\/3233"}],"wp:attachment":[{"href":"https:\/\/agora.xtec.cat\/escmadorell\/wp-json\/wp\/v2\/media?parent=3230"}],"wp:term":[{"taxonomy":"category","embeddable":true,"href":"https:\/\/agora.xtec.cat\/escmadorell\/wp-json\/wp\/v2\/categories?post=3230"},{"taxonomy":"post_tag","embeddable":true,"href":"https:\/\/agora.xtec.cat\/escmadorell\/wp-json\/wp\/v2\/tags?post=3230"}],"curies":[{"name":"wp","href":"https:\/\/api.w.org\/{rel}","templated":true}]}}