{"id":3160,"date":"2017-03-16T15:56:36","date_gmt":"2017-03-16T14:56:36","guid":{"rendered":"http:\/\/agora.xtec.cat\/escmadorell\/?p=3160"},"modified":"2018-04-07T16:17:49","modified_gmt":"2018-04-07T14:17:49","slug":"taller-coresponsabilitat-dels-nostres-fills-i-filles","status":"publish","type":"post","link":"https:\/\/agora.xtec.cat\/escmadorell\/afa\/taller-coresponsabilitat-dels-nostres-fills-i-filles\/","title":{"rendered":"Taller La Coresponsabilitat dels nostres fills i filles"},"content":{"rendered":"<p><a href=\"https:\/\/agora.xtec.cat\/escmadorell\/wp-content\/uploads\/usu1350\/2017\/03\/corresponsabilitat.jpg\"><img loading=\"lazy\" decoding=\"async\" class=\"wp-image-3162 aligncenter\" src=\"https:\/\/agora.xtec.cat\/escmadorell\/wp-content\/uploads\/usu1350\/2017\/03\/corresponsabilitat.jpg\" alt=\"corresponsabilitat\" width=\"555\" height=\"801\" srcset=\"https:\/\/agora.xtec.cat\/escmadorell\/wp-content\/uploads\/usu1350\/2017\/03\/corresponsabilitat.jpg 2250w, https:\/\/agora.xtec.cat\/escmadorell\/wp-content\/uploads\/usu1350\/2017\/03\/corresponsabilitat-208x300.jpg 208w, https:\/\/agora.xtec.cat\/escmadorell\/wp-content\/uploads\/usu1350\/2017\/03\/corresponsabilitat-768x1109.jpg 768w, https:\/\/agora.xtec.cat\/escmadorell\/wp-content\/uploads\/usu1350\/2017\/03\/corresponsabilitat-709x1024.jpg 709w\" sizes=\"auto, (max-width: 555px) 100vw, 555px\" \/><\/a><\/p>\n<p>Us fem la informaci\u00f3 del <em>Taller Coresponsabilitat<\/em> adre\u00e7at a fam\u00edlies i docents. El Taller organitzat per la regidoria de Pol\u00edtiques d\u2019Igualtat Dona-Home de l\u2019Ajuntament de Molins de Rei s\u2019emmarca en les activitats del <em>Dia Internacional de les Dones 2017<\/em>.<\/p>\n<p><strong>ESTRUCTURA i\u00a0CONTINGUT del programa?<\/strong><\/p>\n<p>Actualment hi ha una gran diversitat de models familiars i d\u2019organitzaci\u00f3 dom\u00e8stica, i en conseq\u00fc\u00e8ncia els antics esquemes es donen molt menys.<\/p>\n<p>Tanmateix, sembla que la responsabilitat sobre l\u2019educaci\u00f3 dels fills, les tasques de cura i les c\u00e0rregues familiars, segueix recaient majorit\u00e0riament en les dones adultes de la llar. Quin paper han de tenir els fills i les filles en la coresponsabilitat? Com podem educar la seg\u00fcent generaci\u00f3 per revaloritzar les tasques de casa i de cura dels altres? Al taller volem convidar a la reflexi\u00f3 sobre aquests temes i donar eines pr\u00e0ctiques per les negociacions del dia a dia.<\/p>\n<p><strong>DATES I LLOC DE REALITZACI\u00d3<br \/>\n<\/strong>Data i hora de realitzaci\u00f3: <strong>04 d\u2019abril \u00a0de 2017, a les 18.30 h<br \/>\n<\/strong>Lloc: Federaci\u00f3 Obrera<\/p>\n<p><strong>INSCRIPCIONS<br \/>\n<\/strong>Les persones interessades en participar en taller cal que facin inscripci\u00f3 pr\u00e8via al correu electr\u00f2nic: <a href=\"mailto:generic_asp@molinsderei.cat\">generic_asp@molinsderei.cat<\/a>. La <strong>data m\u00e0xima d\u2019inscripci\u00f3 ser\u00e0 el 28 de mar\u00e7 de 2017<\/strong><\/p>\n","protected":false},"excerpt":{"rendered":"<p>Com podem educar la seg\u00fcent<br \/>\ngeneraci\u00f3 per revaloritzar les tasques de casa i de cura dels altres?&hellip;  <a href=\"https:\/\/agora.xtec.cat\/escmadorell\/afa\/taller-coresponsabilitat-dels-nostres-fills-i-filles\/\" title=\"Read Taller La Coresponsabilitat dels nostres fills i filles\">Llegeix m\u00e9s\u00bb<\/a><\/p>\n","protected":false},"author":43,"featured_media":3162,"comment_status":"open","ping_status":"open","sticky":false,"template":"","format":"standard","meta":{"_bbp_topic_count":0,"_bbp_reply_count":0,"_bbp_total_topic_count":0,"_bbp_total_reply_count":0,"_bbp_voice_count":0,"_bbp_anonymous_reply_count":0,"_bbp_topic_count_hidden":0,"_bbp_reply_count_hidden":0,"_bbp_forum_subforum_count":0,"footnotes":""},"categories":[7],"tags":[],"class_list":["post-3160","post","type-post","status-publish","format-standard","has-post-thumbnail","hentry","category-afa"],"post_mailing_queue_ids":[],"_links":{"self":[{"href":"https:\/\/agora.xtec.cat\/escmadorell\/wp-json\/wp\/v2\/posts\/3160","targetHints":{"allow":["GET"]}}],"collection":[{"href":"https:\/\/agora.xtec.cat\/escmadorell\/wp-json\/wp\/v2\/posts"}],"about":[{"href":"https:\/\/agora.xtec.cat\/escmadorell\/wp-json\/wp\/v2\/types\/post"}],"author":[{"embeddable":true,"href":"https:\/\/agora.xtec.cat\/escmadorell\/wp-json\/wp\/v2\/users\/43"}],"replies":[{"embeddable":true,"href":"https:\/\/agora.xtec.cat\/escmadorell\/wp-json\/wp\/v2\/comments?post=3160"}],"version-history":[{"count":3,"href":"https:\/\/agora.xtec.cat\/escmadorell\/wp-json\/wp\/v2\/posts\/3160\/revisions"}],"predecessor-version":[{"id":3169,"href":"https:\/\/agora.xtec.cat\/escmadorell\/wp-json\/wp\/v2\/posts\/3160\/revisions\/3169"}],"wp:featuredmedia":[{"embeddable":true,"href":"https:\/\/agora.xtec.cat\/escmadorell\/wp-json\/wp\/v2\/media\/3162"}],"wp:attachment":[{"href":"https:\/\/agora.xtec.cat\/escmadorell\/wp-json\/wp\/v2\/media?parent=3160"}],"wp:term":[{"taxonomy":"category","embeddable":true,"href":"https:\/\/agora.xtec.cat\/escmadorell\/wp-json\/wp\/v2\/categories?post=3160"},{"taxonomy":"post_tag","embeddable":true,"href":"https:\/\/agora.xtec.cat\/escmadorell\/wp-json\/wp\/v2\/tags?post=3160"}],"curies":[{"name":"wp","href":"https:\/\/api.w.org\/{rel}","templated":true}]}}