{"id":3048,"date":"2017-02-28T18:39:51","date_gmt":"2017-02-28T17:39:51","guid":{"rendered":"http:\/\/agora.xtec.cat\/escmadorell\/?p=3048"},"modified":"2017-04-05T15:43:44","modified_gmt":"2017-04-05T13:43:44","slug":"pla-educatiu-de-la-vila","status":"publish","type":"post","link":"https:\/\/agora.xtec.cat\/escmadorell\/afa\/pla-educatiu-de-la-vila\/","title":{"rendered":"Pla Educatiu de la Vila"},"content":{"rendered":"<p style=\"text-align: center;\"><a href=\"https:\/\/agora.xtec.cat\/escmadorell\/wp-content\/uploads\/usu1350\/2017\/02\/logo-pla-educatiu.jpg\"><img loading=\"lazy\" decoding=\"async\" class=\"alignnone size-full wp-image-3049\" src=\"https:\/\/agora.xtec.cat\/escmadorell\/wp-content\/uploads\/usu1350\/2017\/02\/logo-pla-educatiu.jpg\" alt=\"logo-pla-educatiu\" width=\"383\" height=\"109\" srcset=\"https:\/\/agora.xtec.cat\/escmadorell\/wp-content\/uploads\/usu1350\/2017\/02\/logo-pla-educatiu.jpg 383w, https:\/\/agora.xtec.cat\/escmadorell\/wp-content\/uploads\/usu1350\/2017\/02\/logo-pla-educatiu-300x85.jpg 300w\" sizes=\"auto, (max-width: 383px) 100vw, 383px\" \/><\/a><\/p>\n<p style=\"text-align: left;\">T\u2019interessa l\u2019educaci\u00f3?<br \/>\nVols assistir i participar a la presentaci\u00f3 del Projecte Educatiu de Vila de Molins de Rei?<br \/>\nQu\u00e8 treballarem durant la sessi\u00f3?<\/p>\n<ul>\n<li>Presentaci\u00f3 del Projecte Educatiu de Vila. Qu\u00e8 el motiva? Qu\u00e8 volem fer?<\/li>\n<li>Presentaci\u00f3 primera diagnosi<\/li>\n<li>Tallers de reflexi\u00f3\n<ul>\n<li>Qu\u00e8 cal seguir fent?<\/li>\n<li>Qu\u00e8 cal fer diferent?<\/li>\n<li>Quins agents educatius necessitem?<\/li>\n<\/ul>\n<\/li>\n<\/ul>\n<p>Dia de la presentaci\u00f3: <strong>dissabte 18 de mar\u00e7<br \/>\n<\/strong>Horari:\u00a0 <strong>de 10 a 14 h<br \/>\n<\/strong>Lloc: Sala d\u2019actes de la <strong>Federaci\u00f3 Obrera<\/strong><\/p>\n<div class=\"gmail_default\">\n<p>Us deixem aquest document on ho explica amb m\u00e9s detall:\u00a0<a href=\"https:\/\/drive.google.com\/file\/d\/0B38BCDDv7BLxZDNFSTBlRWc0QTA\/view?usp=sharing\">Qu\u00e8 \u00e9s el Pla Educatiu de la Vila<\/a><\/p>\n<\/div>\n<div class=\"gmail_default\"><\/div>\n<div class=\"gmail_default\">Animeu-vos i ompliu aquest\u00a0<a href=\"https:\/\/drive.google.com\/file\/d\/0B38BCDDv7BLxRmk1LVhOWUxsZ2c\/view?usp=sharing\">Formulari d&#8217;inscripci\u00f3<\/a><\/div>\n<div class=\"gmail_default\"><\/div>\n<div class=\"gmail_default\"><\/div>\n","protected":false},"excerpt":{"rendered":"<p><a href=\"https:\/\/agora.xtec.cat\/escmadorell\/wp-content\/uploads\/usu1350\/2017\/02\/logo-pla-educatiu.jpg\"><\/a><br \/>\nT\u2019interessa l\u2019educaci\u00f3?<br \/>\nVols assistir i participar a la presentaci\u00f3 del Projecte Educatiu de Vila de Molins de Rei?<br \/>\nQu\u00e8 treballarem durant la sessi\u00f3?<\/p>\n<ul>\n<li>Presentaci\u00f3 del Projecte Educatiu de Vila. Qu\u00e8 el motiva? Qu\u00e8 volem fer?<\/li>\n<li>Presentaci\u00f3 primera diagnosi<\/li>\n<li>Tallers de reflexi\u00f3\n<ul>\n<li>Qu\u00e8 cal seguir fent?<\/li>\n<li>Qu\u00e8 cal fer diferent?<\/li>\n<li>Quins agents educatius&hellip;  <a href=\"https:\/\/agora.xtec.cat\/escmadorell\/afa\/pla-educatiu-de-la-vila\/\" title=\"Read Pla Educatiu de la Vila\">Llegeix m\u00e9s\u00bb<\/a><br \/>\n","protected":false},"author":43,"featured_media":3049,"comment_status":"open","ping_status":"open","sticky":false,"template":"","format":"standard","meta":{"_bbp_topic_count":0,"_bbp_reply_count":0,"_bbp_total_topic_count":0,"_bbp_total_reply_count":0,"_bbp_voice_count":0,"_bbp_anonymous_reply_count":0,"_bbp_topic_count_hidden":0,"_bbp_reply_count_hidden":0,"_bbp_forum_subforum_count":0,"footnotes":""},"categories":[7],"tags":[],"class_list":["post-3048","post","type-post","status-publish","format-standard","has-post-thumbnail","hentry","category-afa"],"post_mailing_queue_ids":[],"_links":{"self":[{"href":"https:\/\/agora.xtec.cat\/escmadorell\/wp-json\/wp\/v2\/posts\/3048","targetHints":{"allow":["GET"]}}],"collection":[{"href":"https:\/\/agora.xtec.cat\/escmadorell\/wp-json\/wp\/v2\/posts"}],"about":[{"href":"https:\/\/agora.xtec.cat\/escmadorell\/wp-json\/wp\/v2\/types\/post"}],"author":[{"embeddable":true,"href":"https:\/\/agora.xtec.cat\/escmadorell\/wp-json\/wp\/v2\/users\/43"}],"replies":[{"embeddable":true,"href":"https:\/\/agora.xtec.cat\/escmadorell\/wp-json\/wp\/v2\/comments?post=3048"}],"version-history":[{"count":3,"href":"https:\/\/agora.xtec.cat\/escmadorell\/wp-json\/wp\/v2\/posts\/3048\/revisions"}],"predecessor-version":[{"id":3054,"href":"https:\/\/agora.xtec.cat\/escmadorell\/wp-json\/wp\/v2\/posts\/3048\/revisions\/3054"}],"wp:featuredmedia":[{"embeddable":true,"href":"https:\/\/agora.xtec.cat\/escmadorell\/wp-json\/wp\/v2\/media\/3049"}],"wp:attachment":[{"href":"https:\/\/agora.xtec.cat\/escmadorell\/wp-json\/wp\/v2\/media?parent=3048"}],"wp:term":[{"taxonomy":"category","embeddable":true,"href":"https:\/\/agora.xtec.cat\/escmadorell\/wp-json\/wp\/v2\/categories?post=3048"},{"taxonomy":"post_tag","embeddable":true,"href":"https:\/\/agora.xtec.cat\/escmadorell\/wp-json\/wp\/v2\/tags?post=3048"}],"curies":[{"name":"wp","href":"https:\/\/api.w.org\/{rel}","templated":true}]}}