{"id":2883,"date":"2017-02-21T20:48:43","date_gmt":"2017-02-21T19:48:43","guid":{"rendered":"http:\/\/agora.xtec.cat\/escmadorell\/?p=2883"},"modified":"2017-03-28T16:09:43","modified_gmt":"2017-03-28T14:09:43","slug":"horari-activitats-del-dissabte-25-rua-de-carnestoltes","status":"publish","type":"post","link":"https:\/\/agora.xtec.cat\/escmadorell\/afa\/horari-activitats-del-dissabte-25-rua-de-carnestoltes\/","title":{"rendered":"Horari activitats del dissabte 25: Rua de Carnestoltes"},"content":{"rendered":"<p><strong>El dissabte 25 \u00e9s el dia de la Rua de Carnestoltes, aquest \u00e9s l&#8217;horari d&#8217;activitats:<\/strong><\/p>\n<p><strong>10:30h<\/strong><br \/>\na l&#8217;escola es far\u00e0 la decoraci\u00f3 de la carrossa,<br \/>\nveniu a donar un cop de m\u00e0!<\/p>\n<p><strong>16h<\/strong><br \/>\ns&#8217;obrir\u00e0 l&#8217;escola per maquillar-nos i acabar de disfressar-nos.<\/p>\n<p><strong>17:30h<\/strong><br \/>\ntots al passeig del terrapl\u00e8 davant la pla\u00e7a de la llibertat,<br \/>\n\u00e9s on t\u00e9 la sortida la R\u00faa<\/p>\n","protected":false},"excerpt":{"rendered":"<p>El dissabte 25 \u00e9s el dia de la Rua de Carnestoltes, aquest \u00e9s l&#8217;horari d&#8217;activitats:<br \/>\n10:30h<br \/>\na l&#8217;escola es far\u00e0 la decoraci\u00f3 de la carrossa,<br \/>\nveniu a donar un cop de m\u00e0!<br \/>\n16h<br \/>\ns&#8217;obrir\u00e0 l&#8217;escola per maquillar-nos i acabar de disfressar-nos.<br \/>\n17:30h<br \/>\ntots al passeig del terrapl\u00e8 davant la pla\u00e7a de la&hellip;  <a href=\"https:\/\/agora.xtec.cat\/escmadorell\/afa\/horari-activitats-del-dissabte-25-rua-de-carnestoltes\/\" title=\"Read Horari activitats del dissabte 25: Rua de Carnestoltes\">Llegeix m\u00e9s\u00bb<\/a><\/p>\n","protected":false},"author":43,"featured_media":2884,"comment_status":"open","ping_status":"open","sticky":false,"template":"","format":"standard","meta":{"_bbp_topic_count":0,"_bbp_reply_count":0,"_bbp_total_topic_count":0,"_bbp_total_reply_count":0,"_bbp_voice_count":0,"_bbp_anonymous_reply_count":0,"_bbp_topic_count_hidden":0,"_bbp_reply_count_hidden":0,"_bbp_forum_subforum_count":0,"footnotes":""},"categories":[7],"tags":[],"class_list":["post-2883","post","type-post","status-publish","format-standard","has-post-thumbnail","hentry","category-afa"],"post_mailing_queue_ids":[],"_links":{"self":[{"href":"https:\/\/agora.xtec.cat\/escmadorell\/wp-json\/wp\/v2\/posts\/2883","targetHints":{"allow":["GET"]}}],"collection":[{"href":"https:\/\/agora.xtec.cat\/escmadorell\/wp-json\/wp\/v2\/posts"}],"about":[{"href":"https:\/\/agora.xtec.cat\/escmadorell\/wp-json\/wp\/v2\/types\/post"}],"author":[{"embeddable":true,"href":"https:\/\/agora.xtec.cat\/escmadorell\/wp-json\/wp\/v2\/users\/43"}],"replies":[{"embeddable":true,"href":"https:\/\/agora.xtec.cat\/escmadorell\/wp-json\/wp\/v2\/comments?post=2883"}],"version-history":[{"count":2,"href":"https:\/\/agora.xtec.cat\/escmadorell\/wp-json\/wp\/v2\/posts\/2883\/revisions"}],"predecessor-version":[{"id":2886,"href":"https:\/\/agora.xtec.cat\/escmadorell\/wp-json\/wp\/v2\/posts\/2883\/revisions\/2886"}],"wp:featuredmedia":[{"embeddable":true,"href":"https:\/\/agora.xtec.cat\/escmadorell\/wp-json\/wp\/v2\/media\/2884"}],"wp:attachment":[{"href":"https:\/\/agora.xtec.cat\/escmadorell\/wp-json\/wp\/v2\/media?parent=2883"}],"wp:term":[{"taxonomy":"category","embeddable":true,"href":"https:\/\/agora.xtec.cat\/escmadorell\/wp-json\/wp\/v2\/categories?post=2883"},{"taxonomy":"post_tag","embeddable":true,"href":"https:\/\/agora.xtec.cat\/escmadorell\/wp-json\/wp\/v2\/tags?post=2883"}],"curies":[{"name":"wp","href":"https:\/\/api.w.org\/{rel}","templated":true}]}}