{"id":2575,"date":"2015-05-11T21:28:00","date_gmt":"2015-05-11T19:28:00","guid":{"rendered":"http:\/\/agora.xtec.cat\/escmadorell\/general\/entrevista-a-javier-urra\/"},"modified":"2015-05-11T21:28:00","modified_gmt":"2015-05-11T19:28:00","slug":"entrevista-a-javier-urra","status":"publish","type":"post","link":"https:\/\/agora.xtec.cat\/escmadorell\/escola-de-pares\/entrevista-a-javier-urra\/","title":{"rendered":"Entrevista a Javier Urra"},"content":{"rendered":"<div style=\"text-align: justify;\"><span style=\"font-family: Verdana, sans-serif;\">Volem compartir amb vosaltres l&#8217;entrevista que va fer l&#8217;espai radiof\u00f2nic Via Lliure de RAC1 a Javier Urra, psic\u00f2leg i Defensor del Menor en exced\u00e8ncia.<\/span><\/div>\n<div style=\"text-align: justify;\"><span style=\"font-family: Verdana, sans-serif;\">Les seves declaracions no deixen indiferent a ning\u00fa i segur que ens fan reflexionar sobre la forma en la qual eduquem els nostres fills.&nbsp;<\/span><br \/><span style=\"font-family: Verdana, sans-serif;\">Us recomanem escoltar aquesta <\/span><b style=\"background-color: white; color: #1155cc;\"><span style=\"font-family: Verdana, sans-serif;\"><a href=\"http:\/\/llapiscolor.wikispaces.com\/file\/view\/0510+10h+%28Diumenge+10-05-15%29+Entrevista+%28Javier+Urra+%29.mp3\/550460286\/0510%2010h%20%28Diumenge%2010-05-15%29%20Entrevista%20%28Javier%20Urra%20%29.mp3\" style=\"color: #1155cc;\" target=\"_blank\">Entrevista<\/a><\/span><\/b><\/div>\n","protected":false},"excerpt":{"rendered":"<p>Volem compartir amb vosaltres l&#8217;entrevista que va fer l&#8217;espai radiof\u00f2nic Via Lliure de RAC1 a Javier Urra, psic\u00f2leg i Defensor del Menor en exced\u00e8ncia.<br \/>\nLes seves declaracions no deixen indiferent a ning\u00fa i segur que ens fan reflexionar sobre la forma en la qual eduquem els&hellip;  <a href=\"https:\/\/agora.xtec.cat\/escmadorell\/escola-de-pares\/entrevista-a-javier-urra\/\" title=\"Read Entrevista a Javier Urra\">Llegeix m\u00e9s\u00bb<\/a><\/p>\n","protected":false},"author":43,"featured_media":0,"comment_status":"open","ping_status":"open","sticky":false,"template":"","format":"standard","meta":{"_bbp_topic_count":0,"_bbp_reply_count":0,"_bbp_total_topic_count":0,"_bbp_total_reply_count":0,"_bbp_voice_count":0,"_bbp_anonymous_reply_count":0,"_bbp_topic_count_hidden":0,"_bbp_reply_count_hidden":0,"_bbp_forum_subforum_count":0,"footnotes":""},"categories":[117],"tags":[],"class_list":["post-2575","post","type-post","status-publish","format-standard","hentry","category-escola-de-pares"],"post_mailing_queue_ids":[],"_links":{"self":[{"href":"https:\/\/agora.xtec.cat\/escmadorell\/wp-json\/wp\/v2\/posts\/2575","targetHints":{"allow":["GET"]}}],"collection":[{"href":"https:\/\/agora.xtec.cat\/escmadorell\/wp-json\/wp\/v2\/posts"}],"about":[{"href":"https:\/\/agora.xtec.cat\/escmadorell\/wp-json\/wp\/v2\/types\/post"}],"author":[{"embeddable":true,"href":"https:\/\/agora.xtec.cat\/escmadorell\/wp-json\/wp\/v2\/users\/43"}],"replies":[{"embeddable":true,"href":"https:\/\/agora.xtec.cat\/escmadorell\/wp-json\/wp\/v2\/comments?post=2575"}],"version-history":[{"count":0,"href":"https:\/\/agora.xtec.cat\/escmadorell\/wp-json\/wp\/v2\/posts\/2575\/revisions"}],"wp:attachment":[{"href":"https:\/\/agora.xtec.cat\/escmadorell\/wp-json\/wp\/v2\/media?parent=2575"}],"wp:term":[{"taxonomy":"category","embeddable":true,"href":"https:\/\/agora.xtec.cat\/escmadorell\/wp-json\/wp\/v2\/categories?post=2575"},{"taxonomy":"post_tag","embeddable":true,"href":"https:\/\/agora.xtec.cat\/escmadorell\/wp-json\/wp\/v2\/tags?post=2575"}],"curies":[{"name":"wp","href":"https:\/\/api.w.org\/{rel}","templated":true}]}}