{"id":2469,"date":"2016-10-14T19:18:00","date_gmt":"2016-10-14T17:18:00","guid":{"rendered":"http:\/\/agora.xtec.cat\/escmadorell\/general\/reunio-colonies-infantil-i-primaria-2017\/"},"modified":"2017-02-20T00:13:49","modified_gmt":"2017-02-19T23:13:49","slug":"reunio-colonies-infantil-i-primaria-2017","status":"publish","type":"post","link":"https:\/\/agora.xtec.cat\/escmadorell\/general\/reunio-colonies-infantil-i-primaria-2017\/","title":{"rendered":"REUNI\u00d3 COL\u00d2NIES INFANTIL I PRIM\u00c0RIA 2017"},"content":{"rendered":"<div style=\"background-color: white; color: #222222;\">\n<div style=\"font-family: verdana, geneva, sans-serif; font-size: 13.2px; text-align: center;\"><span style=\"line-height: 21.4667px;\"><span style=\"font-family: &quot;verdana&quot; , sans-serif; font-size: medium;\"><b>Us convoquem a la REUNI\u00d3 de les col\u00f2nies 2017 <br \/>el pr\u00f2xim dijous 20 d\u2019Octubre a les 17 hores&nbsp;<\/b><\/span><\/span><\/div>\n<div style=\"text-align: center;\">\n<div style=\"font-family: verdana, geneva, sans-serif; font-size: 13.2px;\"><span style=\"line-height: 21.4667px;\"><span style=\"font-family: &quot;verdana&quot; , sans-serif; font-size: medium;\"><b>amb servei d\u2019acollida<\/b><\/span><\/span><\/div>\n<div style=\"font-family: verdana, geneva, sans-serif; font-size: 13.2px;\"><span style=\"line-height: 21.4667px;\"><span style=\"font-family: &quot;verdana&quot; , sans-serif; font-size: medium;\"><b><br \/><\/b><\/span><\/span><\/div>\n<div style=\"font-family: verdana, geneva, sans-serif; font-size: 13.2px;\"><span style=\"line-height: 21.4667px;\"><span style=\"font-family: &quot;verdana&quot; , sans-serif; font-size: medium;\"><\/span><\/span><\/div>\n<h4 data-mce-style=\"text-align: center;\" style=\"color: #333333;\"><span style=\"font-family: &quot;verdana&quot; , sans-serif; font-weight: normal;\">La entrada a la reuni\u00f3 es far\u00e0 per la porta principal del centre.<br \/>Si algun alumne realitza una extraescolar i els pares estan a la reuni\u00f3: &nbsp;el monitor l&#8217;acompanyar\u00e0 a l&#8217;acollida quan acabi l&#8217;activitat.<\/span><\/h4>\n<\/div>\n<\/div>\n<div style=\"background-color: white; color: #222222; font-family: Verdana, Geneva, sans-serif; font-size: 13.2px;\"><span style=\"line-height: 21.4667px;\"><span style=\"font-family: &quot;verdana&quot; , sans-serif;\"><br \/><\/span><\/span><\/div>\n<div style=\"background-color: white; color: #222222; text-align: center;\"><span style=\"line-height: 21.4667px;\"><span style=\"font-family: &quot;verdana&quot; , sans-serif; font-size: small;\"><b><span style=\"font-family: &quot;verdana&quot; , &quot;geneva&quot; , sans-serif; font-size: 13.2px;\">COL\u00d2NIES DE TRES DIES (DOS NITS)<\/span><br \/><span style=\"font-family: &quot;verdana&quot; , sans-serif; font-size: large;\">AQUEST CURS TOT<\/span><\/b><\/span><\/span><b style=\"font-family: Verdana, sans-serif; font-size: large;\"><span style=\"font-family: &quot;verdana&quot; , sans-serif; font-size: large;\">HOM DE COL\u00d2NIES: INFANTIL I PRIM\u00c0RIA<\/span><\/b><\/div>\n<div style=\"background-color: white; color: #222222; font-family: Verdana, Geneva, sans-serif; font-size: 13.2px; text-align: center;\"><span style=\"line-height: 21.4667px;\"><span style=\"font-family: &quot;verdana&quot; , sans-serif;\"><br \/><\/span><\/span><\/div>\n<div style=\"background-color: white; color: #222222; font-family: Verdana, Geneva, sans-serif; font-size: 13.2px;\"><span style=\"line-height: 21.4667px;\"><span style=\"font-family: &quot;verdana&quot; , sans-serif;\">Creiem que \u00e9s una experi\u00e8ncia enriquidora pels nostres fills i filles perqu\u00e8:&nbsp;<\/span><\/span><\/div>\n<div style=\"background-color: white; color: #222222; font-family: Verdana, Geneva, sans-serif; font-size: 13.2px;\">\n<div style=\"text-align: justify;\"><span style=\"line-height: 21.4667px;\"><span style=\"font-family: &quot;verdana&quot; , sans-serif;\">Fomenten l&#8217;autonomia personal, l\u2019auto coneixement i la manifestaci\u00f3 de tots els vessants de la personalitat dels infants.<\/span><\/span><\/div>\n<\/div>\n<div style=\"background-color: white; color: #222222; font-family: Verdana, Geneva, sans-serif; font-size: 13.2px;\">\n<div style=\"text-align: justify;\"><span style=\"line-height: 21.4667px;\"><span style=\"font-family: &quot;verdana&quot; , sans-serif;\">Aquesta empresa est\u00e0 ESPECIALITZADA EN L\u2019ORGANITZACI\u00d3 DE COL\u00d2NIES DE GRUPS ESCOLARS i el grup de monitors\/es vetllar\u00e0 en tot moment per la seguretat dels nostres nens\/es, actuant com a responsable des de la recepci\u00f3 del grup fins al seu comiat, durant les 24 hores del dia. Hi haur\u00e0 un monitor\/a qualificat per cada grup de 10 nens\/es que es responsabilitzar\u00e0 del mateix grup al llarg de tota l\u2019estada.<\/span><\/span><\/div>\n<\/div>\n<div style=\"background-color: white; color: #222222; font-family: Verdana, Geneva, sans-serif; font-size: 13.2px;\"><span style=\"line-height: 21.4667px;\"><span style=\"font-family: &quot;verdana&quot; , sans-serif;\"><br \/><\/span><\/span><\/div>\n<div style=\"background-color: white; color: #222222; font-family: Verdana, Geneva, sans-serif; font-size: 13.2px;\"><span style=\"line-height: 21.4667px;\"><span style=\"font-family: &quot;verdana&quot; , sans-serif;\"><b>Data:&nbsp;<\/b>Dies 10, 11 i 12 d&#8217;abril de 2017<\/span><\/span><\/div>\n<div style=\"background-color: white; color: #222222; font-family: Verdana, Geneva, sans-serif; font-size: 13.2px;\"><span style=\"line-height: 21.4667px;\"><span style=\"font-family: &quot;verdana&quot; , sans-serif;\"><b>Lloc:<span style=\"white-space: pre;\">&nbsp;<\/span><\/b>Casa Col\u00f2nies El Collell \u2013 Crta. Sant Miquel de Campmajor al Torn s\/n &nbsp;17850 Sant Ferriol<\/span><\/span><\/p>\n<div style=\"clear: both; text-align: center;\"><a href=\"http:\/\/3.bp.blogspot.com\/-yMQ2df44TB0\/Vi1NfgEs9RI\/AAAAAAAAAwk\/6Or4F0e03ys\/s1600\/can%2Bcollell.png\" style=\"color: #3d85c6; margin-left: 1em; margin-right: 1em; text-decoration: none;\"><img loading=\"lazy\" decoding=\"async\" border=\"0\" height=\"176\" src=\"https:\/\/3.bp.blogspot.com\/-yMQ2df44TB0\/Vi1NfgEs9RI\/AAAAAAAAAwk\/6Or4F0e03ys\/s640\/can%2Bcollell.png\" style=\"background-attachment: initial; background-clip: initial; background-image: initial; background-origin: initial; background-position: initial; background-repeat: initial; background-size: initial; border: 1px solid rgb(238, 238, 238); box-shadow: rgba(0, 0, 0, 0.0980392) 1px 1px 5px; padding: 5px; position: relative;\" width=\"640\" \/><\/a><\/div>\n<p><span style=\"line-height: 21.4667px;\"><span style=\"font-family: &quot;verdana&quot; , sans-serif;\"><br \/><\/span><\/span><\/div>\n<div style=\"background-color: white; color: #222222; font-family: Verdana, Geneva, sans-serif; font-size: 13.2px;\"><\/div>\n<div style=\"background-color: white; color: #222222; font-family: Verdana, Geneva, sans-serif; font-size: 13.2px;\"><span style=\"line-height: 21.4667px;\"><span style=\"font-family: &quot;verdana&quot; , sans-serif;\"><b>Preu:<span style=\"white-space: pre;\">&nbsp;<\/span><\/b>140 \u20ac (a confirmar quan sapiguem exactament el nombre de nens\/es)&nbsp;<\/span><\/span><\/div>\n<div style=\"background-color: white; color: #222222; font-family: Verdana, Geneva, sans-serif; font-size: 13.2px;\">\n<div style=\"text-align: justify;\"><span style=\"line-height: 21.4667px;\"><span style=\"font-family: &quot;verdana&quot; , sans-serif;\">Talonari d\u2019autofinan\u00e7ament amb el qual es sortejar\u00e0 una bicicleta o l\u2019equivalent monetari. La finalitat \u00e9s que cada alumne aconsegueixi 90\u20ac per pagar les seves col\u00f2nies, el qual suposa un gran estalvi per a les fam\u00edlies.<\/span><\/span><\/div>\n<\/div>\n<div style=\"background-color: white; color: #222222; font-family: Verdana, Geneva, sans-serif; font-size: 13.2px;\"><span style=\"line-height: 21.4667px;\"><span style=\"font-family: &quot;verdana&quot; , sans-serif;\">Inclou:<span style=\"white-space: pre;\"> <\/span><\/span><\/span><\/div>\n<div style=\"background-color: white; color: #222222; font-family: Verdana, Geneva, sans-serif; font-size: 13.2px;\"><span style=\"line-height: 21.4667px;\"><span style=\"font-family: &quot;verdana&quot; , sans-serif;\">&#8211; Pensi\u00f3 completa. El menjar \u00e9s de cuina casolana i es &nbsp;prepara a les instal\u00b7lacions del centre.<\/span><\/span><\/div>\n<div style=\"background-color: white; color: #222222; font-family: Verdana, Geneva, sans-serif; font-size: 13.2px;\"><span style=\"line-height: 21.4667px;\"><span style=\"font-family: &quot;verdana&quot; , sans-serif;\">&#8211; 1 monitor\/a cada 10 nens les 24 hores del dia.<\/span><\/span><\/div>\n<div style=\"background-color: white; color: #222222; font-family: Verdana, Geneva, sans-serif; font-size: 13.2px;\"><span style=\"line-height: 21.4667px;\"><span style=\"font-family: &quot;verdana&quot; , sans-serif;\">&#8211; Realitzaci\u00f3 de les activitats.<\/span><\/span><\/div>\n<div style=\"background-color: white; color: #222222; font-family: Verdana, Geneva, sans-serif; font-size: 13.2px;\"><span style=\"line-height: 21.4667px;\"><span style=\"font-family: &quot;verdana&quot; , sans-serif;\">&#8211; Assegurances de responsabilitat civil i d\u2019accidents.<\/span><\/span><\/div>\n<div style=\"background-color: white; color: #222222; font-family: Verdana, Geneva, sans-serif; font-size: 13.2px;\"><span style=\"line-height: 21.4667px;\"><span style=\"font-family: &quot;verdana&quot; , sans-serif;\">&#8211; Autocar anada i tornada .<\/span><\/span><br \/><span style=\"line-height: 21.4667px;\"><span style=\"font-family: &quot;verdana&quot; , sans-serif;\"><br \/><\/span><\/span><\/p>\n<div style=\"text-align: center;\"><span style=\"line-height: 21.4667px;\"><span style=\"font-family: &quot;verdana&quot; , sans-serif;\"><b>ANIMEU-VOS I CAP NEN SENSE COL\u00d2NIES!!<\/b><\/span><\/span><\/div>\n<div><span style=\"line-height: 21.4667px;\"><span style=\"font-family: &quot;verdana&quot; , sans-serif;\"><b><br \/><\/b><\/span><\/span><\/div>\n<\/div>\n","protected":false},"excerpt":{"rendered":"<p>Us convoquem a la REUNI\u00d3 de les col\u00f2nies 2017 el pr\u00f2xim dijous 20 d\u2019Octubre a les 17 hores&nbsp;<\/p>\n<p>amb servei d\u2019acollida<\/p>\n<p>La entrada a la reuni\u00f3 es far\u00e0 per la porta principal del centre.Si algun alumne realitza una extraescolar i els pares estan a la reuni\u00f3: &nbsp;el&hellip;  <a href=\"https:\/\/agora.xtec.cat\/escmadorell\/general\/reunio-colonies-infantil-i-primaria-2017\/\" title=\"Read REUNI\u00d3 COL\u00d2NIES INFANTIL I PRIM\u00c0RIA 2017\">Llegeix m\u00e9s\u00bb<\/a><\/p>\n","protected":false},"author":43,"featured_media":0,"comment_status":"open","ping_status":"open","sticky":false,"template":"","format":"standard","meta":{"_bbp_topic_count":0,"_bbp_reply_count":0,"_bbp_total_topic_count":0,"_bbp_total_reply_count":0,"_bbp_voice_count":0,"_bbp_anonymous_reply_count":0,"_bbp_topic_count_hidden":0,"_bbp_reply_count_hidden":0,"_bbp_forum_subforum_count":0,"footnotes":""},"categories":[7,1],"tags":[],"class_list":["post-2469","post","type-post","status-publish","format-standard","hentry","category-afa","category-general"],"post_mailing_queue_ids":[],"_links":{"self":[{"href":"https:\/\/agora.xtec.cat\/escmadorell\/wp-json\/wp\/v2\/posts\/2469","targetHints":{"allow":["GET"]}}],"collection":[{"href":"https:\/\/agora.xtec.cat\/escmadorell\/wp-json\/wp\/v2\/posts"}],"about":[{"href":"https:\/\/agora.xtec.cat\/escmadorell\/wp-json\/wp\/v2\/types\/post"}],"author":[{"embeddable":true,"href":"https:\/\/agora.xtec.cat\/escmadorell\/wp-json\/wp\/v2\/users\/43"}],"replies":[{"embeddable":true,"href":"https:\/\/agora.xtec.cat\/escmadorell\/wp-json\/wp\/v2\/comments?post=2469"}],"version-history":[{"count":1,"href":"https:\/\/agora.xtec.cat\/escmadorell\/wp-json\/wp\/v2\/posts\/2469\/revisions"}],"predecessor-version":[{"id":2769,"href":"https:\/\/agora.xtec.cat\/escmadorell\/wp-json\/wp\/v2\/posts\/2469\/revisions\/2769"}],"wp:attachment":[{"href":"https:\/\/agora.xtec.cat\/escmadorell\/wp-json\/wp\/v2\/media?parent=2469"}],"wp:term":[{"taxonomy":"category","embeddable":true,"href":"https:\/\/agora.xtec.cat\/escmadorell\/wp-json\/wp\/v2\/categories?post=2469"},{"taxonomy":"post_tag","embeddable":true,"href":"https:\/\/agora.xtec.cat\/escmadorell\/wp-json\/wp\/v2\/tags?post=2469"}],"curies":[{"name":"wp","href":"https:\/\/api.w.org\/{rel}","templated":true}]}}