{"id":2467,"date":"2016-10-19T21:27:00","date_gmt":"2016-10-19T19:27:00","guid":{"rendered":"http:\/\/agora.xtec.cat\/escmadorell\/general\/voluntariat-per-la-llengua\/"},"modified":"2018-04-07T16:37:02","modified_gmt":"2018-04-07T14:37:02","slug":"voluntariat-per-la-llengua","status":"publish","type":"post","link":"https:\/\/agora.xtec.cat\/escmadorell\/general\/voluntariat-per-la-llengua\/","title":{"rendered":"Voluntariat per la llengua"},"content":{"rendered":"<div style=\"background-color: white; color: #222222; text-align: center;\"><span style=\"font-family: Verdana, sans-serif;\">Aquest curs es torna a engegar una nova edici\u00f3 del<br \/><b>Voluntariat per la Llengua<\/b>. <br \/>\u00c9s una activitat gratu\u00efta que ajunta una persona catalanoparlant amb una altra que vol millorar el seu catal\u00e0 dintre de la disponibilitat hor\u00e0ria que cadasc\u00fa tria.&nbsp;<\/span><\/div>\n<div style=\"background-color: white; color: #222222; text-align: center;\"><span style=\"font-family: Verdana, sans-serif;\">Us podeu apuntar fins el 28 d&#8217;octubre.<\/span><\/div>\n<div style=\"background-color: white; color: #222222; text-align: center;\"><span style=\"font-family: Verdana, sans-serif;\"><br \/><\/span><\/div>\n<div style=\"clear: both; text-align: center;\"><a href=\"https:\/\/2.bp.blogspot.com\/-xveU3XHcpBU\/WAfW-dTlaQI\/AAAAAAAABCM\/1pkaEXh4qxkHdExyDIP2BMP2_wAfvfrEwCLcB\/s1600\/Cartell%2B2016_octubre.jpg\" style=\"margin-left: 1em; margin-right: 1em;\"><img loading=\"lazy\" decoding=\"async\" border=\"0\" height=\"640\" src=\"https:\/\/2.bp.blogspot.com\/-xveU3XHcpBU\/WAfW-dTlaQI\/AAAAAAAABCM\/1pkaEXh4qxkHdExyDIP2BMP2_wAfvfrEwCLcB\/s640\/Cartell%2B2016_octubre.jpg\" width=\"444\" \/><\/a><\/div>\n<div style=\"background-color: white; color: #222222; text-align: center;\"><span style=\"font-family: Verdana, sans-serif;\"><br \/><\/span><\/div>\n","protected":false},"excerpt":{"rendered":"<p>Aquest curs es torna a engegar una nova edici\u00f3 delVoluntariat per la Llengua. \u00c9s una activitat gratu\u00efta que ajunta una persona catalanoparlant amb una altra que vol millorar el seu catal\u00e0 dintre de la disponibilitat hor\u00e0ria que cadasc\u00fa tria.&nbsp;<br \/>\nUs podeu apuntar fins el 28 d&#8217;octubre.<\/p>\n<p><a&hellip;  <a href=\"https:\/\/agora.xtec.cat\/escmadorell\/general\/voluntariat-per-la-llengua\/\" title=\"Read Voluntariat per la llengua\">Llegeix m\u00e9s\u00bb<\/a><\/p>\n","protected":false},"author":43,"featured_media":0,"comment_status":"open","ping_status":"open","sticky":false,"template":"","format":"standard","meta":{"_bbp_topic_count":0,"_bbp_reply_count":0,"_bbp_total_topic_count":0,"_bbp_total_reply_count":0,"_bbp_voice_count":0,"_bbp_anonymous_reply_count":0,"_bbp_topic_count_hidden":0,"_bbp_reply_count_hidden":0,"_bbp_forum_subforum_count":0,"footnotes":""},"categories":[7,1],"tags":[],"class_list":["post-2467","post","type-post","status-publish","format-standard","hentry","category-afa","category-general"],"post_mailing_queue_ids":[],"_links":{"self":[{"href":"https:\/\/agora.xtec.cat\/escmadorell\/wp-json\/wp\/v2\/posts\/2467","targetHints":{"allow":["GET"]}}],"collection":[{"href":"https:\/\/agora.xtec.cat\/escmadorell\/wp-json\/wp\/v2\/posts"}],"about":[{"href":"https:\/\/agora.xtec.cat\/escmadorell\/wp-json\/wp\/v2\/types\/post"}],"author":[{"embeddable":true,"href":"https:\/\/agora.xtec.cat\/escmadorell\/wp-json\/wp\/v2\/users\/43"}],"replies":[{"embeddable":true,"href":"https:\/\/agora.xtec.cat\/escmadorell\/wp-json\/wp\/v2\/comments?post=2467"}],"version-history":[{"count":1,"href":"https:\/\/agora.xtec.cat\/escmadorell\/wp-json\/wp\/v2\/posts\/2467\/revisions"}],"predecessor-version":[{"id":9486,"href":"https:\/\/agora.xtec.cat\/escmadorell\/wp-json\/wp\/v2\/posts\/2467\/revisions\/9486"}],"wp:attachment":[{"href":"https:\/\/agora.xtec.cat\/escmadorell\/wp-json\/wp\/v2\/media?parent=2467"}],"wp:term":[{"taxonomy":"category","embeddable":true,"href":"https:\/\/agora.xtec.cat\/escmadorell\/wp-json\/wp\/v2\/categories?post=2467"},{"taxonomy":"post_tag","embeddable":true,"href":"https:\/\/agora.xtec.cat\/escmadorell\/wp-json\/wp\/v2\/tags?post=2467"}],"curies":[{"name":"wp","href":"https:\/\/api.w.org\/{rel}","templated":true}]}}