{"id":2459,"date":"2016-11-07T22:43:00","date_gmt":"2016-11-07T21:43:00","guid":{"rendered":"http:\/\/agora.xtec.cat\/escmadorell\/general\/12-novembre-manifestacio-per-leducacio-publica\/"},"modified":"2016-11-07T22:43:00","modified_gmt":"2016-11-07T21:43:00","slug":"12-novembre-manifestacio-per-leducacio-publica","status":"publish","type":"post","link":"https:\/\/agora.xtec.cat\/escmadorell\/general\/12-novembre-manifestacio-per-leducacio-publica\/","title":{"rendered":"12 novembre MANIFESTACI\u00d3 per l&#8217;educaci\u00f3 p\u00fablica"},"content":{"rendered":"<h4 data-mce-style=\"text-align: center;\" style=\"color: #333333; text-align: center;\"><span style=\"font-family: &quot;verdana&quot; , sans-serif; font-weight: normal;\">L&#8217;Assemblea Groga de Catalunya convoca una&nbsp;manifestaci\u00f3 el proper<br \/>dissabte 12 de novembre,&nbsp;a les 17 hores,<br \/>a la Pla\u00e7a Universitat de Barcelona.<\/span><\/h4>\n<h4 data-mce-style=\"text-align: center;\" style=\"color: #333333; text-align: center;\"><span style=\"font-family: &quot;verdana&quot; , sans-serif; font-weight: normal;\">La manifestaci\u00f3 es convoca per exigir que es compleixi all\u00f2 que recull la LEC (Llei d&#8217;Educaci\u00f3 de Catalunya) i, per tant, que es dediqui un 6% del PIB de Catalunya en educaci\u00f3 (actualment no s&#8217;arriba al 3%).<\/span><\/h4>\n<h4 data-mce-style=\"text-align: center;\" style=\"color: #333333; text-align: center;\"><span style=\"font-family: Verdana, sans-serif; font-weight: normal;\">Sense un bon finan\u00e7ament, no podrem garantir un ensenyament p\u00fablic de qualitat!<\/span><\/h4>\n<div style=\"clear: both; text-align: center;\"><a href=\"https:\/\/1.bp.blogspot.com\/-qclZ6SUAMDA\/WCD1VYtE-GI\/AAAAAAAABDk\/qMQ5-xrqc_IljXhz2ujwb_ph-gSHM_-vQCLcB\/s1600\/manifestacio%2B12%2Bnov.jpg\" style=\"margin-left: 1em; margin-right: 1em;\"><img loading=\"lazy\" decoding=\"async\" border=\"0\" height=\"400\" src=\"https:\/\/1.bp.blogspot.com\/-qclZ6SUAMDA\/WCD1VYtE-GI\/AAAAAAAABDk\/qMQ5-xrqc_IljXhz2ujwb_ph-gSHM_-vQCLcB\/s400\/manifestacio%2B12%2Bnov.jpg\" width=\"282\" \/><\/a><\/div>\n<div><\/div>\n","protected":false},"excerpt":{"rendered":"<p>L&#8217;Assemblea Groga de Catalunya convoca una&nbsp;manifestaci\u00f3 el properdissabte 12 de novembre,&nbsp;a les 17 hores,a la Pla\u00e7a Universitat de Barcelona.<br \/>\nLa manifestaci\u00f3 es convoca per exigir que es compleixi all\u00f2 que recull la LEC (Llei d&#8217;Educaci\u00f3 de Catalunya) i, per tant, que es dediqui un 6% del&hellip;  <a href=\"https:\/\/agora.xtec.cat\/escmadorell\/general\/12-novembre-manifestacio-per-leducacio-publica\/\" title=\"Read 12 novembre MANIFESTACI\u00d3 per l&#8217;educaci\u00f3 p\u00fablica\">Llegeix m\u00e9s\u00bb<\/a><\/p>\n","protected":false},"author":43,"featured_media":0,"comment_status":"open","ping_status":"open","sticky":false,"template":"","format":"standard","meta":{"_bbp_topic_count":0,"_bbp_reply_count":0,"_bbp_total_topic_count":0,"_bbp_total_reply_count":0,"_bbp_voice_count":0,"_bbp_anonymous_reply_count":0,"_bbp_topic_count_hidden":0,"_bbp_reply_count_hidden":0,"_bbp_forum_subforum_count":0,"footnotes":""},"categories":[1],"tags":[],"class_list":["post-2459","post","type-post","status-publish","format-standard","hentry","category-general"],"post_mailing_queue_ids":[],"_links":{"self":[{"href":"https:\/\/agora.xtec.cat\/escmadorell\/wp-json\/wp\/v2\/posts\/2459","targetHints":{"allow":["GET"]}}],"collection":[{"href":"https:\/\/agora.xtec.cat\/escmadorell\/wp-json\/wp\/v2\/posts"}],"about":[{"href":"https:\/\/agora.xtec.cat\/escmadorell\/wp-json\/wp\/v2\/types\/post"}],"author":[{"embeddable":true,"href":"https:\/\/agora.xtec.cat\/escmadorell\/wp-json\/wp\/v2\/users\/43"}],"replies":[{"embeddable":true,"href":"https:\/\/agora.xtec.cat\/escmadorell\/wp-json\/wp\/v2\/comments?post=2459"}],"version-history":[{"count":0,"href":"https:\/\/agora.xtec.cat\/escmadorell\/wp-json\/wp\/v2\/posts\/2459\/revisions"}],"wp:attachment":[{"href":"https:\/\/agora.xtec.cat\/escmadorell\/wp-json\/wp\/v2\/media?parent=2459"}],"wp:term":[{"taxonomy":"category","embeddable":true,"href":"https:\/\/agora.xtec.cat\/escmadorell\/wp-json\/wp\/v2\/categories?post=2459"},{"taxonomy":"post_tag","embeddable":true,"href":"https:\/\/agora.xtec.cat\/escmadorell\/wp-json\/wp\/v2\/tags?post=2459"}],"curies":[{"name":"wp","href":"https:\/\/api.w.org\/{rel}","templated":true}]}}