{"id":2453,"date":"2016-11-20T21:05:00","date_gmt":"2016-11-20T20:05:00","guid":{"rendered":"http:\/\/agora.xtec.cat\/escmadorell\/general\/fas-6-anys-tria-un-llibre\/"},"modified":"2017-02-20T00:13:02","modified_gmt":"2017-02-19T23:13:02","slug":"fas-6-anys-tria-un-llibre","status":"publish","type":"post","link":"https:\/\/agora.xtec.cat\/escmadorell\/general\/fas-6-anys-tria-un-llibre\/","title":{"rendered":"Fas 6 anys. Tria un llibre"},"content":{"rendered":"<div style=\"background-color: white; box-sizing: border-box; margin-bottom: 10px;\"><span style=\"font-family: &quot;verdana&quot; , sans-serif;\">La campanya \u201cFas 6 anys. Tria un llibre\u201d vol estimular els h\u00e0bits de lectura dels infants de 6 anys. Mitjan\u00e7ant aquesta iniciativa, l\u2019infant que fa o hagi fet 6 anys durant aquest 2016, rebr\u00e0 a casa una targeta que el convidar\u00e0 a anar a la llibreria m\u00e9s propera, on podr\u00e0 bescanviar la targeta pel llibre que m\u00e9s li agradi, per un import de fins a 13 euros. La campanya arribar\u00e0 a 83.314 nens de tot Catalunya, que podran comprar un llibre a les 180 llibreries agremiades al Gremi de Llibreters de Catalunya d\u2019arreu del territori.<\/span><\/div>\n<div style=\"background-color: white; box-sizing: border-box; margin-bottom: 10px;\"><span style=\"font-family: &quot;verdana&quot; , sans-serif;\">La iniciativa t\u00e9 com a objectius que els infants descobreixin les llibreries amb un adult; que comencin a crear la seva pr\u00f2pia biblioteca, aix\u00ed com donar valor al llibre i refor\u00e7ar les vendes de llibres infantils.<\/span><br \/><span style=\"font-family: &quot;verdana&quot; , sans-serif;\"><\/span><\/p>\n<div style=\"color: #222222;\"><span style=\"font-family: Verdana, sans-serif;\"><br \/><\/span><\/div>\n<div style=\"color: #222222;\"><span style=\"font-family: Verdana, sans-serif;\">M\u00e9s informaci\u00f3&nbsp;<a href=\"http:\/\/web.gencat.cat\/ca\/actualitat\/detall\/20161020_Fas-6-anys.-Tria-un-llibre\" style=\"color: #1155cc;\">aqu\u00ed<\/a>.<\/span><\/div>\n<div><\/div>\n<\/div>\n<div style=\"clear: both; text-align: center;\"><a href=\"https:\/\/3.bp.blogspot.com\/-rQott1DUaTA\/WDIB2oRw6UI\/AAAAAAAABEw\/wvps8l-p1S4WuTw9yDijtlyqZY2KLwMrACLcB\/s1600\/20161020_tincsisanys.jpg_2075111541.jpg\" style=\"margin-left: 1em; margin-right: 1em;\"><img loading=\"lazy\" decoding=\"async\" border=\"0\" height=\"294\" src=\"https:\/\/3.bp.blogspot.com\/-rQott1DUaTA\/WDIB2oRw6UI\/AAAAAAAABEw\/wvps8l-p1S4WuTw9yDijtlyqZY2KLwMrACLcB\/s640\/20161020_tincsisanys.jpg_2075111541.jpg\" width=\"640\" \/><\/a><\/div>\n<div style=\"background-color: white; box-sizing: border-box; margin-bottom: 10px;\"><span style=\"font-family: &quot;verdana&quot; , sans-serif;\"><br \/><\/span><\/div>\n","protected":false},"excerpt":{"rendered":"<p>La campanya \u201cFas 6 anys. Tria un llibre\u201d vol estimular els h\u00e0bits de lectura dels infants de 6 anys. Mitjan\u00e7ant aquesta iniciativa, l\u2019infant que fa o hagi fet 6 anys durant aquest 2016, rebr\u00e0 a casa una targeta que el convidar\u00e0 a anar a la&hellip;  <a href=\"https:\/\/agora.xtec.cat\/escmadorell\/general\/fas-6-anys-tria-un-llibre\/\" title=\"Read Fas 6 anys. Tria un llibre\">Llegeix m\u00e9s\u00bb<\/a><\/p>\n","protected":false},"author":43,"featured_media":0,"comment_status":"open","ping_status":"open","sticky":false,"template":"","format":"standard","meta":{"_bbp_topic_count":0,"_bbp_reply_count":0,"_bbp_total_topic_count":0,"_bbp_total_reply_count":0,"_bbp_voice_count":0,"_bbp_anonymous_reply_count":0,"_bbp_topic_count_hidden":0,"_bbp_reply_count_hidden":0,"_bbp_forum_subforum_count":0,"footnotes":""},"categories":[7,1],"tags":[],"class_list":["post-2453","post","type-post","status-publish","format-standard","hentry","category-afa","category-general"],"post_mailing_queue_ids":[],"_links":{"self":[{"href":"https:\/\/agora.xtec.cat\/escmadorell\/wp-json\/wp\/v2\/posts\/2453","targetHints":{"allow":["GET"]}}],"collection":[{"href":"https:\/\/agora.xtec.cat\/escmadorell\/wp-json\/wp\/v2\/posts"}],"about":[{"href":"https:\/\/agora.xtec.cat\/escmadorell\/wp-json\/wp\/v2\/types\/post"}],"author":[{"embeddable":true,"href":"https:\/\/agora.xtec.cat\/escmadorell\/wp-json\/wp\/v2\/users\/43"}],"replies":[{"embeddable":true,"href":"https:\/\/agora.xtec.cat\/escmadorell\/wp-json\/wp\/v2\/comments?post=2453"}],"version-history":[{"count":1,"href":"https:\/\/agora.xtec.cat\/escmadorell\/wp-json\/wp\/v2\/posts\/2453\/revisions"}],"predecessor-version":[{"id":2764,"href":"https:\/\/agora.xtec.cat\/escmadorell\/wp-json\/wp\/v2\/posts\/2453\/revisions\/2764"}],"wp:attachment":[{"href":"https:\/\/agora.xtec.cat\/escmadorell\/wp-json\/wp\/v2\/media?parent=2453"}],"wp:term":[{"taxonomy":"category","embeddable":true,"href":"https:\/\/agora.xtec.cat\/escmadorell\/wp-json\/wp\/v2\/categories?post=2453"},{"taxonomy":"post_tag","embeddable":true,"href":"https:\/\/agora.xtec.cat\/escmadorell\/wp-json\/wp\/v2\/tags?post=2453"}],"curies":[{"name":"wp","href":"https:\/\/api.w.org\/{rel}","templated":true}]}}