{"id":2450,"date":"2016-11-27T21:32:00","date_gmt":"2016-11-27T20:32:00","guid":{"rendered":""},"modified":"2017-02-20T00:13:01","modified_gmt":"2017-02-19T23:13:01","slug":"dema-dilluns-28-vota-a-les-eleccions-consell-escolar","status":"publish","type":"post","link":"https:\/\/agora.xtec.cat\/escmadorell\/afa\/dema-dilluns-28-vota-a-les-eleccions-consell-escolar\/","title":{"rendered":"Dem\u00e0 dilluns 28 VOTA a les eleccions Consell Escolar"},"content":{"rendered":"<div style=\"text-align: center;\"><span style=\"font-family: &quot;verdana&quot; , sans-serif;\">Recordeu que dem\u00e0&nbsp;<b>dilluns 28 de novembre<\/b>&nbsp;es celebren les&nbsp;<b>eleccions dels representants dels pares i mares al Consell Escolar<\/b>.&nbsp;<\/span><\/div>\n<div style=\"text-align: center;\"><span style=\"font-family: &quot;verdana&quot; , sans-serif;\"><br \/><\/span><\/div>\n<div style=\"text-align: center;\"><span style=\"font-family: &quot;verdana&quot; , sans-serif;\">\u00c9s important la vostra participaci\u00f3, perqu\u00e8 amb el vostre vot es tria qui ens representa en el Consell Escolar del Centre.&nbsp;<\/span><\/div>\n<div style=\"text-align: center;\"><span style=\"font-family: &quot;verdana&quot; , sans-serif;\"><br \/><\/span><\/div>\n<div style=\"text-align: center;\"><span style=\"font-family: &quot;verdana&quot; , sans-serif;\">Horari: 8:45 a 9:30 i 16:30 a 18h.<\/span><\/div>\n<div style=\"text-align: center;\"><span style=\"font-family: &quot;verdana&quot; , sans-serif;\"><br \/><\/span><\/div>\n<div>\n<h4 style=\"background-color: white; color: #333333; margin: 0px; text-align: center;\"><span style=\"font-weight: normal;\"><span style=\"font-family: &quot;verdana&quot; , sans-serif;\">Poden votar tots els pares i mares dels alumnes matriculats al centre.<\/span><\/span><\/h4>\n<h4 style=\"background-color: white; color: #333333; margin: 0px; text-align: center;\"><span style=\"font-weight: normal;\"><span style=\"font-family: &quot;verdana&quot; , sans-serif;\">Per votar s&#8217;ha de presentar el DNI, passaport, perm\u00eds de conduir o targeta de resid\u00e8ncia.<\/span><\/span><\/h4>\n<h4 style=\"background-color: white; color: #333333; margin: 0px; text-align: center;\"><span style=\"font-weight: normal;\"><span style=\"font-family: &quot;verdana&quot; , sans-serif;\">Cada elector podr\u00e0 votar fins a 3 candidates.<\/span><\/span><\/h4>\n<div><span style=\"font-weight: normal;\"><span style=\"font-family: &quot;verdana&quot; , sans-serif;\"><br \/><\/span><\/span><\/div>\n<div style=\"clear: both; text-align: center;\"><a href=\"https:\/\/agora.xtec.cat\/escmadorell\/wp-content\/uploads\/usu1350\/2016\/11\/candidates.jpg\" style=\"margin-left: 1em; margin-right: 1em;\"><img loading=\"lazy\" decoding=\"async\" border=\"0\" height=\"400\" src=\"https:\/\/agora.xtec.cat\/escmadorell\/wp-content\/uploads\/usu1350\/2016\/11\/candidates-212x300.jpg\" width=\"281\" \/><\/a><\/div>\n<div><span style=\"font-weight: normal;\"><span style=\"font-family: &quot;verdana&quot; , sans-serif;\"><br \/><\/span><\/span><\/div>\n<div style=\"text-align: center;\"><span style=\"font-family: &quot;verdana&quot; , sans-serif; font-weight: normal;\"><br \/><\/span><\/div>\n<\/div>\n","protected":false},"excerpt":{"rendered":"<p>Recordeu que dem\u00e0&nbsp;dilluns 28 de novembre&nbsp;es celebren les&nbsp;eleccions dels representants dels pares i mares al Consell Escolar.&nbsp;<\/p>\n<p>\u00c9s important la vostra participaci\u00f3, perqu\u00e8 amb el vostre vot es tria qui ens representa en el Consell Escolar del Centre.&nbsp;<\/p>\n<p>Horari: 8:45 a 9:30 i 16:30 a 18h.<\/p>\n<p>Poden votar&hellip;  <a href=\"https:\/\/agora.xtec.cat\/escmadorell\/afa\/dema-dilluns-28-vota-a-les-eleccions-consell-escolar\/\" title=\"Read Dem\u00e0 dilluns 28 VOTA a les eleccions Consell Escolar\">Llegeix m\u00e9s\u00bb<\/a><\/p>\n","protected":false},"author":43,"featured_media":0,"comment_status":"open","ping_status":"open","sticky":false,"template":"","format":"standard","meta":{"_bbp_topic_count":0,"_bbp_reply_count":0,"_bbp_total_topic_count":0,"_bbp_total_reply_count":0,"_bbp_voice_count":0,"_bbp_anonymous_reply_count":0,"_bbp_topic_count_hidden":0,"_bbp_reply_count_hidden":0,"_bbp_forum_subforum_count":0,"footnotes":""},"categories":[7,108,67],"tags":[],"class_list":["post-2450","post","type-post","status-publish","format-standard","hentry","category-afa","category-consell-escolar","category-curs-1617"],"post_mailing_queue_ids":[],"_links":{"self":[{"href":"https:\/\/agora.xtec.cat\/escmadorell\/wp-json\/wp\/v2\/posts\/2450","targetHints":{"allow":["GET"]}}],"collection":[{"href":"https:\/\/agora.xtec.cat\/escmadorell\/wp-json\/wp\/v2\/posts"}],"about":[{"href":"https:\/\/agora.xtec.cat\/escmadorell\/wp-json\/wp\/v2\/types\/post"}],"author":[{"embeddable":true,"href":"https:\/\/agora.xtec.cat\/escmadorell\/wp-json\/wp\/v2\/users\/43"}],"replies":[{"embeddable":true,"href":"https:\/\/agora.xtec.cat\/escmadorell\/wp-json\/wp\/v2\/comments?post=2450"}],"version-history":[{"count":2,"href":"https:\/\/agora.xtec.cat\/escmadorell\/wp-json\/wp\/v2\/posts\/2450\/revisions"}],"predecessor-version":[{"id":2761,"href":"https:\/\/agora.xtec.cat\/escmadorell\/wp-json\/wp\/v2\/posts\/2450\/revisions\/2761"}],"wp:attachment":[{"href":"https:\/\/agora.xtec.cat\/escmadorell\/wp-json\/wp\/v2\/media?parent=2450"}],"wp:term":[{"taxonomy":"category","embeddable":true,"href":"https:\/\/agora.xtec.cat\/escmadorell\/wp-json\/wp\/v2\/categories?post=2450"},{"taxonomy":"post_tag","embeddable":true,"href":"https:\/\/agora.xtec.cat\/escmadorell\/wp-json\/wp\/v2\/tags?post=2450"}],"curies":[{"name":"wp","href":"https:\/\/api.w.org\/{rel}","templated":true}]}}