{"id":2437,"date":"2017-01-22T21:56:00","date_gmt":"2017-01-22T20:56:00","guid":{"rendered":""},"modified":"2017-02-20T00:00:56","modified_gmt":"2017-02-19T23:00:56","slug":"tallers-disfresses-carnestoltes","status":"publish","type":"post","link":"https:\/\/agora.xtec.cat\/escmadorell\/general\/tallers-disfresses-carnestoltes\/","title":{"rendered":"Tallers disfresses CARNESTOLTES"},"content":{"rendered":"<div style=\"background-color: white; color: #222222; line-height: normal; text-align: center;\"><span style=\"font-family: &quot;verdana&quot; , sans-serif;\"><span lang=\"EN-US\">El<\/span><span lang=\"EN-US\">&nbsp;<\/span><b><span lang=\"CA\">dissabte<\/span><\/b><b><span lang=\"EN-US\">&nbsp;28 de gener<\/span><\/b><span lang=\"EN-US\">&nbsp;farem el PRIMER TALLER per confeccionar les disfresses.<\/span><\/span><\/div>\n<div style=\"background-color: white; color: #222222; line-height: normal; text-align: center;\"><span lang=\"EN-US\"><span style=\"font-family: &quot;verdana&quot; , sans-serif;\">A partir de les 16 hores , les families participants en la RUA DE CARNESTOLTES podeu venir a l\u2019escola.<\/span><\/span><\/div>\n<div style=\"background-color: white; color: #222222; line-height: normal; text-align: center;\"><span lang=\"EN-US\"><span style=\"font-family: &quot;verdana&quot; , sans-serif;\">\u00c9s important la M\u00c0XIMA ASSISTENCIA de tots els participants.<\/span><\/span><\/div>\n<div style=\"background-color: white; color: #222222; line-height: normal; text-align: center;\"><span lang=\"EN-US\"><span style=\"font-family: &quot;verdana&quot; , sans-serif;\">El taller el farem al menjador de l\u2019escola.<\/span><\/span><br \/><span lang=\"EN-US\"><span style=\"font-family: &quot;verdana&quot; , sans-serif;\"><br \/><\/span><\/span><\/div>\n<div style=\"background-color: white; color: #222222; line-height: normal; text-align: center;\"><span lang=\"CA\"><span style=\"font-family: &quot;verdana&quot; , sans-serif;\">En aquest primer taller confeccionarem les disfresses dels nens i les nenes.<\/span><\/span><\/div>\n<div style=\"background-color: white; color: #222222; line-height: normal; text-align: center;\"><span lang=\"CA\"><span style=\"font-family: &quot;verdana&quot; , sans-serif;\">Farem els complements dels UMPA LUMPA.<\/span><\/span><\/div>\n<div style=\"background-color: white; color: #222222; line-height: normal; text-align: center;\"><span lang=\"CA\"><span style=\"font-family: &quot;verdana&quot; , sans-serif;\">Es tallaran i es repartiran les teles per a la confecci\u00f3 dels pantalons dels adults. Penseu que cada fam\u00edlia s\u2019haur\u00e0 de cosir els seus a casa , tot i que els proporcionarem tallats.<\/span><\/span><br \/><span lang=\"CA\"><span style=\"font-family: &quot;verdana&quot; , sans-serif;\"><br \/><\/span><\/span><\/div>\n<div style=\"background-color: white; color: #222222; line-height: normal; text-align: center;\"><span lang=\"CA\"><span style=\"font-family: &quot;verdana&quot; , sans-serif;\">Es posar\u00e0 a disposici\u00f3 de qui ho vulgui un servei per cosir els pantalons. Hem contactat amb una costurera que vindr\u00e0 aquella mateixa tarda a l\u2019escola amb la seva m\u00e0quina de cosir.<\/span><\/span><\/div>\n<div style=\"background-color: white; color: #222222; line-height: normal; text-align: center;\"><span lang=\"CA\"><span style=\"font-family: &quot;verdana&quot; , sans-serif;\">Se li pagaran 5 \u20ac per pantal\u00f3 a la mateixa senyora quan li demaneu aquest servei <br \/>(Nom\u00e9s cal cosir els pantalons dels adults).<\/span><\/span><\/div>\n<div style=\"background-color: white; color: #222222; line-height: normal; text-align: center;\"><span lang=\"CA\"><span style=\"font-family: &quot;verdana&quot; , sans-serif;\">Aquest servei NO \u00c9S OBLIGATORI, es proporciona per aquelles fam\u00edlies que no vulguin cosir les disfresses elles mateixes.<\/span><\/span><br \/><span lang=\"CA\"><span style=\"font-family: &quot;verdana&quot; , sans-serif;\"><br \/><\/span><\/span><\/div>\n<div style=\"background-color: white; color: #222222; line-height: normal; text-align: center;\"><span lang=\"CA\"><span style=\"font-family: &quot;verdana&quot; , sans-serif;\">Tamb\u00e9 intentarem comen\u00e7ar a muntar la CARROSSA.<\/span><\/span><\/div>\n<div style=\"background-color: white; color: #222222; line-height: normal; text-align: center;\"><span lang=\"CA\"><span style=\"font-family: &quot;verdana&quot; , sans-serif;\">Tot i que us proporcionarem tot el material de les disfresses, penseu a portar tissores , ja que hem de retallar i enganxar materials.( goma eva, papers..etc)<\/span><\/span><br \/><span lang=\"CA\"><span style=\"font-family: &quot;verdana&quot; , sans-serif;\"><br \/><\/span><\/span><\/div>\n<div style=\"background-color: white; color: #222222; line-height: normal; text-align: center;\"><span lang=\"CA\"><span style=\"font-family: &quot;verdana&quot; , sans-serif;\">Per a tot el que no pugui venir el dissabte 28,&nbsp; repartirem el material la setmana seg\u00fcent, per tal que tingueu temps de confeccionar les vostres disfresses a casa.<\/span><\/span><br \/><span lang=\"CA\"><span style=\"font-family: &quot;verdana&quot; , sans-serif;\"><br \/><\/span><\/span><\/div>\n<div style=\"background-color: white; color: #222222; line-height: normal; text-align: center;\"><span lang=\"CA\"><span style=\"font-family: &quot;verdana&quot; , sans-serif;\">Finalment, informar-vos que el <b>dissabte dia 11 de febrer&nbsp; farem un SEGON TALLER<\/b>&nbsp; a l\u2019escola per acabar tot el que ens hagi pogut quedar pendent.<\/span><\/span><br \/><span lang=\"CA\"><span style=\"font-family: &quot;verdana&quot; , sans-serif;\"><br \/><\/span><\/span><\/div>\n<div style=\"background-color: white; color: #222222; line-height: normal; text-align: center;\"><span lang=\"CA\"><span style=\"font-family: &quot;verdana&quot; , sans-serif;\">Aquest any &#8230;LA TORNAREM A FER GROSSA!!!<\/span><\/span><br \/><span lang=\"CA\"><span style=\"font-family: &quot;verdana&quot; , sans-serif;\"><br \/><\/span><\/span><\/div>\n<div style=\"background-color: white; color: #222222; line-height: normal; text-align: center;\"><span lang=\"CA\"><span style=\"font-family: &quot;verdana&quot; , sans-serif;\">Us hi esperem!<\/span><\/span><\/div>\n","protected":false},"excerpt":{"rendered":"<p>El&nbsp;dissabte&nbsp;28 de gener&nbsp;farem el PRIMER TALLER per confeccionar les disfresses.<br \/>\nA partir de les 16 hores , les families participants en la RUA DE CARNESTOLTES podeu venir a l\u2019escola.<br \/>\n\u00c9s important la M\u00c0XIMA ASSISTENCIA de tots els participants.<br \/>\nEl taller el farem al menjador de l\u2019escola.<br \/>\nEn aquest primer&hellip;  <a href=\"https:\/\/agora.xtec.cat\/escmadorell\/general\/tallers-disfresses-carnestoltes\/\" title=\"Read Tallers disfresses CARNESTOLTES\">Llegeix m\u00e9s\u00bb<\/a><\/p>\n","protected":false},"author":43,"featured_media":0,"comment_status":"open","ping_status":"open","sticky":false,"template":"","format":"standard","meta":{"_bbp_topic_count":0,"_bbp_reply_count":0,"_bbp_total_topic_count":0,"_bbp_total_reply_count":0,"_bbp_voice_count":0,"_bbp_anonymous_reply_count":0,"_bbp_topic_count_hidden":0,"_bbp_reply_count_hidden":0,"_bbp_forum_subforum_count":0,"footnotes":""},"categories":[7,1],"tags":[],"class_list":["post-2437","post","type-post","status-publish","format-standard","hentry","category-afa","category-general"],"post_mailing_queue_ids":[],"_links":{"self":[{"href":"https:\/\/agora.xtec.cat\/escmadorell\/wp-json\/wp\/v2\/posts\/2437","targetHints":{"allow":["GET"]}}],"collection":[{"href":"https:\/\/agora.xtec.cat\/escmadorell\/wp-json\/wp\/v2\/posts"}],"about":[{"href":"https:\/\/agora.xtec.cat\/escmadorell\/wp-json\/wp\/v2\/types\/post"}],"author":[{"embeddable":true,"href":"https:\/\/agora.xtec.cat\/escmadorell\/wp-json\/wp\/v2\/users\/43"}],"replies":[{"embeddable":true,"href":"https:\/\/agora.xtec.cat\/escmadorell\/wp-json\/wp\/v2\/comments?post=2437"}],"version-history":[{"count":1,"href":"https:\/\/agora.xtec.cat\/escmadorell\/wp-json\/wp\/v2\/posts\/2437\/revisions"}],"predecessor-version":[{"id":2672,"href":"https:\/\/agora.xtec.cat\/escmadorell\/wp-json\/wp\/v2\/posts\/2437\/revisions\/2672"}],"wp:attachment":[{"href":"https:\/\/agora.xtec.cat\/escmadorell\/wp-json\/wp\/v2\/media?parent=2437"}],"wp:term":[{"taxonomy":"category","embeddable":true,"href":"https:\/\/agora.xtec.cat\/escmadorell\/wp-json\/wp\/v2\/categories?post=2437"},{"taxonomy":"post_tag","embeddable":true,"href":"https:\/\/agora.xtec.cat\/escmadorell\/wp-json\/wp\/v2\/tags?post=2437"}],"curies":[{"name":"wp","href":"https:\/\/api.w.org\/{rel}","templated":true}]}}