{"id":2435,"date":"2017-01-29T22:06:00","date_gmt":"2017-01-29T21:06:00","guid":{"rendered":""},"modified":"2017-02-20T00:00:56","modified_gmt":"2017-02-19T23:00:56","slug":"23e-concurs-dibuix-josep-maria-madorell","status":"publish","type":"post","link":"https:\/\/agora.xtec.cat\/escmadorell\/general\/23e-concurs-dibuix-josep-maria-madorell\/","title":{"rendered":"23\u00e8 Concurs Dibuix Josep Maria Madorell"},"content":{"rendered":"<div style=\"background-color: white; color: #222222; text-align: center;\"><span style=\"font-family: Verdana, sans-serif;\">El dissabte 4 de febrer tindr\u00e0 lloc el 23\u00e8 Concurs de Dibuix Josep Maria Madorell en el recinte de la Fira Jove (pla\u00e7a del Mol\u00ed) a partir de les 10 del mat\u00ed.&nbsp;<\/span><\/div>\n<div style=\"background-color: white; color: #222222; text-align: center;\"><span style=\"font-family: Verdana, sans-serif;\"><br \/><\/span><\/div>\n<div style=\"background-color: white; color: #222222; text-align: center;\"><span style=\"font-family: Verdana, sans-serif;\">Les inscripcions es poden fer des del 30 de gener fins el divendres 3 a la Llibreria Barba i el mateix dissabte de 10 a 12 en el recinte de la Fira Jove.&nbsp;<\/span><\/div>\n<div style=\"background-color: white; color: #222222; text-align: center;\"><span style=\"font-family: Verdana, sans-serif;\"><br \/><\/span><\/div>\n<div style=\"background-color: white; color: #222222; text-align: center;\"><span style=\"font-family: Verdana, sans-serif;\">Us animen a que hi participin els alumnes de la nostra escola. &nbsp;<\/span><\/div>\n<div style=\"background-color: white; color: #222222; text-align: center;\"><span style=\"font-family: Verdana, sans-serif;\"><br \/><\/span><\/div>\n<div style=\"clear: both; text-align: center;\"><a href=\"https:\/\/agora.xtec.cat\/escmadorell\/wp-content\/uploads\/usu1350\/2017\/01\/concurs-2Bdibuix-2Bmadorell.jpg\" style=\"margin-left: 1em; margin-right: 1em;\"><img loading=\"lazy\" decoding=\"async\" border=\"0\" height=\"640\" src=\"https:\/\/agora.xtec.cat\/escmadorell\/wp-content\/uploads\/usu1350\/2017\/01\/concurs-2Bdibuix-2Bmadorell-208x300.jpg\" width=\"441\" \/><\/a><\/div>\n<div style=\"background-color: white; color: #222222; text-align: center;\"><span style=\"font-family: Verdana, sans-serif;\"><br \/><\/span><\/div>\n","protected":false},"excerpt":{"rendered":"<p>El dissabte 4 de febrer tindr\u00e0 lloc el 23\u00e8 Concurs de Dibuix Josep Maria Madorell en el recinte de la Fira Jove (pla\u00e7a del Mol\u00ed) a partir de les 10 del mat\u00ed.&nbsp;<\/p>\n<p>Les inscripcions es poden fer des del 30 de gener fins el divendres 3&hellip;  <a href=\"https:\/\/agora.xtec.cat\/escmadorell\/general\/23e-concurs-dibuix-josep-maria-madorell\/\" title=\"Read 23\u00e8 Concurs Dibuix Josep Maria Madorell\">Llegeix m\u00e9s\u00bb<\/a><\/p>\n","protected":false},"author":43,"featured_media":2669,"comment_status":"open","ping_status":"open","sticky":false,"template":"","format":"standard","meta":{"_bbp_topic_count":0,"_bbp_reply_count":0,"_bbp_total_topic_count":0,"_bbp_total_reply_count":0,"_bbp_voice_count":0,"_bbp_anonymous_reply_count":0,"_bbp_topic_count_hidden":0,"_bbp_reply_count_hidden":0,"_bbp_forum_subforum_count":0,"footnotes":""},"categories":[7,1],"tags":[],"class_list":["post-2435","post","type-post","status-publish","format-standard","has-post-thumbnail","hentry","category-afa","category-general"],"post_mailing_queue_ids":[],"_links":{"self":[{"href":"https:\/\/agora.xtec.cat\/escmadorell\/wp-json\/wp\/v2\/posts\/2435","targetHints":{"allow":["GET"]}}],"collection":[{"href":"https:\/\/agora.xtec.cat\/escmadorell\/wp-json\/wp\/v2\/posts"}],"about":[{"href":"https:\/\/agora.xtec.cat\/escmadorell\/wp-json\/wp\/v2\/types\/post"}],"author":[{"embeddable":true,"href":"https:\/\/agora.xtec.cat\/escmadorell\/wp-json\/wp\/v2\/users\/43"}],"replies":[{"embeddable":true,"href":"https:\/\/agora.xtec.cat\/escmadorell\/wp-json\/wp\/v2\/comments?post=2435"}],"version-history":[{"count":2,"href":"https:\/\/agora.xtec.cat\/escmadorell\/wp-json\/wp\/v2\/posts\/2435\/revisions"}],"predecessor-version":[{"id":2697,"href":"https:\/\/agora.xtec.cat\/escmadorell\/wp-json\/wp\/v2\/posts\/2435\/revisions\/2697"}],"wp:featuredmedia":[{"embeddable":true,"href":"https:\/\/agora.xtec.cat\/escmadorell\/wp-json\/wp\/v2\/media\/2669"}],"wp:attachment":[{"href":"https:\/\/agora.xtec.cat\/escmadorell\/wp-json\/wp\/v2\/media?parent=2435"}],"wp:term":[{"taxonomy":"category","embeddable":true,"href":"https:\/\/agora.xtec.cat\/escmadorell\/wp-json\/wp\/v2\/categories?post=2435"},{"taxonomy":"post_tag","embeddable":true,"href":"https:\/\/agora.xtec.cat\/escmadorell\/wp-json\/wp\/v2\/tags?post=2435"}],"curies":[{"name":"wp","href":"https:\/\/api.w.org\/{rel}","templated":true}]}}