{"id":2434,"date":"2017-02-06T22:18:00","date_gmt":"2017-02-06T21:18:00","guid":{"rendered":""},"modified":"2017-02-20T00:00:56","modified_gmt":"2017-02-19T23:00:56","slug":"conferencia-aprendre-i-educar-en-la-felicitat","status":"publish","type":"post","link":"https:\/\/agora.xtec.cat\/escmadorell\/general\/conferencia-aprendre-i-educar-en-la-felicitat\/","title":{"rendered":"Confer\u00e8ncia: Aprendre i educar en la felicitat"},"content":{"rendered":"<div style=\"color: #222222; text-align: center;\"><span style=\"font-family: &quot;verdana&quot; , sans-serif;\">&nbsp;Amb motiu del 50\u00e8 aniversari de l&#8217;Escola L&#8217;Alzina s&#8217;ha organitzat una confer\u00e8ncia amb el t\u00edtol: <br \/>&#8220;Aprendre i educar en la felicitat\u201d&nbsp;<\/span><\/div>\n<div style=\"color: #222222; text-align: center;\"><span style=\"font-family: &quot;verdana&quot; , sans-serif;\">a c\u00e0rrec del psic\u00f2leg cl\u00ednic Ferran Salmurri, pioner a Espanya en recerca&nbsp;d\u2019estrat\u00e8gies per educar les emocions i autor de diversos llibres relacionats amb aquest tema.&nbsp;<\/span><\/div>\n<div style=\"color: #222222; text-align: center;\"><span style=\"font-family: &quot;verdana&quot; , sans-serif;\">\u00c9s una xerrada interessant, amena i molt pr\u00e0ctica.<\/span><\/div>\n<div style=\"clear: both; text-align: center;\"><span style=\"background-color: white; color: #222222;\"><span style=\"font-family: &quot;verdana&quot; , sans-serif;\">\u00c9s un acte obert a tot el p\u00fablic que hi vulgui assistir.&nbsp;<\/span><\/span><\/div>\n<div style=\"clear: both; text-align: center;\"><a href=\"https:\/\/agora.xtec.cat\/escmadorell\/wp-content\/uploads\/usu1350\/2017\/02\/Cartell-2BConfer-25C3-25A8ncia.jpg\" style=\"margin-left: 1em; margin-right: 1em;\"><img loading=\"lazy\" decoding=\"async\" border=\"0\" height=\"640\" src=\"https:\/\/agora.xtec.cat\/escmadorell\/wp-content\/uploads\/usu1350\/2017\/02\/Cartell-2BConfer-25C3-25A8ncia-212x300.jpg\" width=\"451\" \/><\/a><\/div>\n<p><\/p>\n","protected":false},"excerpt":{"rendered":"<p>&nbsp;Amb motiu del 50\u00e8 aniversari de l&#8217;Escola L&#8217;Alzina s&#8217;ha organitzat una confer\u00e8ncia amb el t\u00edtol: &#8220;Aprendre i educar en la felicitat\u201d&nbsp;<br \/>\na c\u00e0rrec del psic\u00f2leg cl\u00ednic Ferran Salmurri, pioner a Espanya en recerca&nbsp;d\u2019estrat\u00e8gies per educar les emocions i autor de diversos llibres relacionats amb aquest tema.&nbsp;<br \/>\n\u00c9s&hellip;  <a href=\"https:\/\/agora.xtec.cat\/escmadorell\/general\/conferencia-aprendre-i-educar-en-la-felicitat\/\" title=\"Read Confer\u00e8ncia: Aprendre i educar en la felicitat\">Llegeix m\u00e9s\u00bb<\/a><\/p>\n","protected":false},"author":43,"featured_media":2667,"comment_status":"open","ping_status":"open","sticky":false,"template":"","format":"standard","meta":{"_bbp_topic_count":0,"_bbp_reply_count":0,"_bbp_total_topic_count":0,"_bbp_total_reply_count":0,"_bbp_voice_count":0,"_bbp_anonymous_reply_count":0,"_bbp_topic_count_hidden":0,"_bbp_reply_count_hidden":0,"_bbp_forum_subforum_count":0,"footnotes":""},"categories":[7,1],"tags":[],"class_list":["post-2434","post","type-post","status-publish","format-standard","has-post-thumbnail","hentry","category-afa","category-general"],"post_mailing_queue_ids":[],"_links":{"self":[{"href":"https:\/\/agora.xtec.cat\/escmadorell\/wp-json\/wp\/v2\/posts\/2434","targetHints":{"allow":["GET"]}}],"collection":[{"href":"https:\/\/agora.xtec.cat\/escmadorell\/wp-json\/wp\/v2\/posts"}],"about":[{"href":"https:\/\/agora.xtec.cat\/escmadorell\/wp-json\/wp\/v2\/types\/post"}],"author":[{"embeddable":true,"href":"https:\/\/agora.xtec.cat\/escmadorell\/wp-json\/wp\/v2\/users\/43"}],"replies":[{"embeddable":true,"href":"https:\/\/agora.xtec.cat\/escmadorell\/wp-json\/wp\/v2\/comments?post=2434"}],"version-history":[{"count":2,"href":"https:\/\/agora.xtec.cat\/escmadorell\/wp-json\/wp\/v2\/posts\/2434\/revisions"}],"predecessor-version":[{"id":2696,"href":"https:\/\/agora.xtec.cat\/escmadorell\/wp-json\/wp\/v2\/posts\/2434\/revisions\/2696"}],"wp:featuredmedia":[{"embeddable":true,"href":"https:\/\/agora.xtec.cat\/escmadorell\/wp-json\/wp\/v2\/media\/2667"}],"wp:attachment":[{"href":"https:\/\/agora.xtec.cat\/escmadorell\/wp-json\/wp\/v2\/media?parent=2434"}],"wp:term":[{"taxonomy":"category","embeddable":true,"href":"https:\/\/agora.xtec.cat\/escmadorell\/wp-json\/wp\/v2\/categories?post=2434"},{"taxonomy":"post_tag","embeddable":true,"href":"https:\/\/agora.xtec.cat\/escmadorell\/wp-json\/wp\/v2\/tags?post=2434"}],"curies":[{"name":"wp","href":"https:\/\/api.w.org\/{rel}","templated":true}]}}