{"id":2433,"date":"2017-02-08T23:14:00","date_gmt":"2017-02-08T22:14:00","guid":{"rendered":""},"modified":"2017-02-20T22:39:56","modified_gmt":"2017-02-20T21:39:56","slug":"concurs-apilo-xii-de-recollida-de-piles","status":"publish","type":"post","link":"https:\/\/agora.xtec.cat\/escmadorell\/general\/concurs-apilo-xii-de-recollida-de-piles\/","title":{"rendered":"Concurs Apilo XII de recollida de piles"},"content":{"rendered":"<p style=\"color: #222222; text-align: center;\"><span style=\"font-family: Verdana, sans-serif;\"><span style=\"font-family: Verdana, sans-serif;\">L&#8217;Escola JM Madorell participa en el Concurs de Recollida de Piles APILO XII que organitza\u00a0El Departament de Territori i Sostenibilitat<\/span><\/span>.<\/p>\n<p style=\"color: #222222; text-align: center;\"><span style=\"font-family: Verdana, sans-serif;\"><span style=\"font-family: Verdana, sans-serif;\">L\u2019objectiu del concurs \u00e9s recollir la m\u00e0xima quantitat de piles i acumuladors port\u00e0tils procedents de les fam\u00edlies dels alumnes\u00a0<\/span><\/span>fins el 18 d&#8217;abril.<br \/>\n<span style=\"font-family: Verdana, sans-serif;\">S&#8217;estan repartint a tots els alumnes unes caixetes de cartr\u00f3 per anar recollint les piles i depositar-les en el contenidor APILO que estar\u00e0 situat a consergeria.\u00a0<\/span><\/p>\n<div style=\"color: #222222;\">\n<p style=\"text-align: center;\"><span style=\"font-family: Verdana, sans-serif;\">Esperem que aquesta iniciativa tingui una bona acollida entre les fam\u00edlies.<\/span><\/p>\n<p style=\"text-align: center;\"><span style=\"font-family: Verdana, sans-serif;\">Us animem a participar.<\/span><\/p>\n<p style=\"text-align: center;\"><span style=\"font-family: Verdana, sans-serif;\">\u00a0<\/span>Teniu m\u00e9s informaci\u00f3 a la web de\u00a0<a style=\"color: #1155cc;\" href=\"http:\/\/www.apilo.cat\/a-lescola\/\">l&#8217;ApiloXII<\/a><\/p>\n<div style=\"text-align: center;\"><\/div>\n<div style=\"clear: both; text-align: center;\"><a style=\"margin-left: 1em; margin-right: 1em;\" href=\"https:\/\/agora.xtec.cat\/escmadorell\/wp-content\/uploads\/usu1350\/2017\/02\/apilo2.jpg\"><img loading=\"lazy\" decoding=\"async\" src=\"https:\/\/agora.xtec.cat\/escmadorell\/wp-content\/uploads\/usu1350\/2017\/02\/apilo2-300x185.jpg\" width=\"320\" height=\"197\" border=\"0\" \/><\/a><\/div>\n<div style=\"text-align: center;\"><\/div>\n<\/div>\n","protected":false},"excerpt":{"rendered":"<p>L&#8217;Escola JM Madorell participa en el Concurs de Recollida de Piles APILO XII que organitza\u00a0El Departament de Territori i Sostenibilitat.<br \/>\nL\u2019objectiu del concurs \u00e9s recollir la m\u00e0xima quantitat de piles i acumuladors port\u00e0tils procedents de les fam\u00edlies dels alumnes\u00a0fins el 18 d&#8217;abril.<br \/>\nS&#8217;estan repartint a tots els&hellip;  <a href=\"https:\/\/agora.xtec.cat\/escmadorell\/general\/concurs-apilo-xii-de-recollida-de-piles\/\" title=\"Read Concurs Apilo XII de recollida de piles\">Llegeix m\u00e9s\u00bb<\/a><\/p>\n","protected":false},"author":43,"featured_media":2665,"comment_status":"open","ping_status":"open","sticky":false,"template":"","format":"standard","meta":{"_bbp_topic_count":0,"_bbp_reply_count":0,"_bbp_total_topic_count":0,"_bbp_total_reply_count":0,"_bbp_voice_count":0,"_bbp_anonymous_reply_count":0,"_bbp_topic_count_hidden":0,"_bbp_reply_count_hidden":0,"_bbp_forum_subforum_count":0,"footnotes":""},"categories":[7,1],"tags":[],"class_list":["post-2433","post","type-post","status-publish","format-standard","has-post-thumbnail","hentry","category-afa","category-general"],"post_mailing_queue_ids":[],"_links":{"self":[{"href":"https:\/\/agora.xtec.cat\/escmadorell\/wp-json\/wp\/v2\/posts\/2433","targetHints":{"allow":["GET"]}}],"collection":[{"href":"https:\/\/agora.xtec.cat\/escmadorell\/wp-json\/wp\/v2\/posts"}],"about":[{"href":"https:\/\/agora.xtec.cat\/escmadorell\/wp-json\/wp\/v2\/types\/post"}],"author":[{"embeddable":true,"href":"https:\/\/agora.xtec.cat\/escmadorell\/wp-json\/wp\/v2\/users\/43"}],"replies":[{"embeddable":true,"href":"https:\/\/agora.xtec.cat\/escmadorell\/wp-json\/wp\/v2\/comments?post=2433"}],"version-history":[{"count":4,"href":"https:\/\/agora.xtec.cat\/escmadorell\/wp-json\/wp\/v2\/posts\/2433\/revisions"}],"predecessor-version":[{"id":2830,"href":"https:\/\/agora.xtec.cat\/escmadorell\/wp-json\/wp\/v2\/posts\/2433\/revisions\/2830"}],"wp:featuredmedia":[{"embeddable":true,"href":"https:\/\/agora.xtec.cat\/escmadorell\/wp-json\/wp\/v2\/media\/2665"}],"wp:attachment":[{"href":"https:\/\/agora.xtec.cat\/escmadorell\/wp-json\/wp\/v2\/media?parent=2433"}],"wp:term":[{"taxonomy":"category","embeddable":true,"href":"https:\/\/agora.xtec.cat\/escmadorell\/wp-json\/wp\/v2\/categories?post=2433"},{"taxonomy":"post_tag","embeddable":true,"href":"https:\/\/agora.xtec.cat\/escmadorell\/wp-json\/wp\/v2\/tags?post=2433"}],"curies":[{"name":"wp","href":"https:\/\/api.w.org\/{rel}","templated":true}]}}