{"id":20482,"date":"2026-04-27T12:33:27","date_gmt":"2026-04-27T10:33:27","guid":{"rendered":"https:\/\/agora.xtec.cat\/escmadorell\/?p=20482"},"modified":"2026-04-27T12:35:26","modified_gmt":"2026-04-27T10:35:26","slug":"la-primavera-arriba-al-nostre-pati-olors-colors-i-art","status":"publish","type":"post","link":"https:\/\/agora.xtec.cat\/escmadorell\/infantil\/la-primavera-arriba-al-nostre-pati-olors-colors-i-art\/","title":{"rendered":"La primavera arriba al nostre pati: olors, colors i art"},"content":{"rendered":"<p><span style=\"font-weight: 400;\">Aquests dies, el nostre pati s&#8217;ha omplert d&#8217;olors i colors que ens conviden a observar i a explorar. I \u00e9s per aix\u00f2, que els nens i les nenes d\u2019I5 hem volgut aprofitar-ho per mirar de ben a prop els petits canvis que la primavera ha portat al nostre entorn.<\/span><\/p>\n<p><span style=\"font-weight: 400;\">Hem pogut descobrir com les plantes comencen a cr\u00e9ixer, com apareixen noves flors i com els insectes tornen a omplir el nostre entorn, volant de flor en flor. <\/span><span style=\"font-weight: 400;\">Hem parat atenci\u00f3 als detalls i hem compartit tot all\u00f2 que an\u00e0vem veient amb els companys i companyes.<\/span><\/p>\n<p><span style=\"font-weight: 400;\">Aprofitant aquesta experi\u00e8ncia, tamb\u00e9 hem treballat l\u2019expressi\u00f3 art\u00edstica. Ens hem fixat especialment en l\u2019esp\u00edgol i, a partir de la seva observaci\u00f3, n\u2019hem fet una representaci\u00f3.\u00a0<\/span><\/p>\n<p><span style=\"font-weight: 400;\">Ha estat una activitat molt enriquidora que ens ha perm\u00e8s connectar amb la natura, aprendre a observar el nostre entorn i expressar-nos a trav\u00e9s de l\u2019art. Sens dubte, una manera ben bonica de treballar la primavera!<\/span><\/p>\n<p><a href=\"https:\/\/agora.xtec.cat\/escmadorell\/wp-content\/uploads\/usu1350\/2026\/04\/IMG_4058-scaled.jpg\"><img loading=\"lazy\" decoding=\"async\" class=\"alignnone wp-image-20484\" src=\"https:\/\/agora.xtec.cat\/escmadorell\/wp-content\/uploads\/usu1350\/2026\/04\/IMG_4058-1024x576.jpg\" alt=\"\" width=\"318\" height=\"179\" srcset=\"https:\/\/agora.xtec.cat\/escmadorell\/wp-content\/uploads\/usu1350\/2026\/04\/IMG_4058-1024x576.jpg 1024w, https:\/\/agora.xtec.cat\/escmadorell\/wp-content\/uploads\/usu1350\/2026\/04\/IMG_4058-300x169.jpg 300w, https:\/\/agora.xtec.cat\/escmadorell\/wp-content\/uploads\/usu1350\/2026\/04\/IMG_4058-768x432.jpg 768w, https:\/\/agora.xtec.cat\/escmadorell\/wp-content\/uploads\/usu1350\/2026\/04\/IMG_4058-1536x864.jpg 1536w, https:\/\/agora.xtec.cat\/escmadorell\/wp-content\/uploads\/usu1350\/2026\/04\/IMG_4058-2048x1152.jpg 2048w\" sizes=\"auto, (max-width: 318px) 100vw, 318px\" \/><\/a><\/p>\n<p><a href=\"https:\/\/agora.xtec.cat\/escmadorell\/wp-content\/uploads\/usu1350\/2026\/04\/IMG_4051-scaled.jpg\"><img loading=\"lazy\" decoding=\"async\" class=\"alignnone wp-image-20485\" src=\"https:\/\/agora.xtec.cat\/escmadorell\/wp-content\/uploads\/usu1350\/2026\/04\/IMG_4051-1024x576.jpg\" alt=\"\" width=\"318\" height=\"179\" srcset=\"https:\/\/agora.xtec.cat\/escmadorell\/wp-content\/uploads\/usu1350\/2026\/04\/IMG_4051-1024x576.jpg 1024w, https:\/\/agora.xtec.cat\/escmadorell\/wp-content\/uploads\/usu1350\/2026\/04\/IMG_4051-300x169.jpg 300w, https:\/\/agora.xtec.cat\/escmadorell\/wp-content\/uploads\/usu1350\/2026\/04\/IMG_4051-768x432.jpg 768w, https:\/\/agora.xtec.cat\/escmadorell\/wp-content\/uploads\/usu1350\/2026\/04\/IMG_4051-1536x864.jpg 1536w, https:\/\/agora.xtec.cat\/escmadorell\/wp-content\/uploads\/usu1350\/2026\/04\/IMG_4051-2048x1152.jpg 2048w\" sizes=\"auto, (max-width: 318px) 100vw, 318px\" \/><\/a><\/p>\n","protected":false},"excerpt":{"rendered":"<p>Aquests dies, el nostre pati s&#8217;ha omplert d&#8217;olors i colors que ens conviden a observar i a explorar. I \u00e9s per aix\u00f2, que els nens i les nenes d\u2019I5 hem volgut aprofitar-ho per mirar de ben a prop els petits canvis que la primavera ha&hellip;  <a href=\"https:\/\/agora.xtec.cat\/escmadorell\/infantil\/la-primavera-arriba-al-nostre-pati-olors-colors-i-art\/\" title=\"Read La primavera arriba al nostre pati: olors, colors i art\">Llegeix m\u00e9s\u00bb<\/a><\/p>\n","protected":false},"author":46,"featured_media":0,"comment_status":"open","ping_status":"open","sticky":false,"template":"","format":"standard","meta":{"_bbp_topic_count":0,"_bbp_reply_count":0,"_bbp_total_topic_count":0,"_bbp_total_reply_count":0,"_bbp_voice_count":0,"_bbp_anonymous_reply_count":0,"_bbp_topic_count_hidden":0,"_bbp_reply_count_hidden":0,"_bbp_forum_subforum_count":0,"footnotes":""},"categories":[275,9,2,4],"tags":[],"class_list":["post-20482","post","type-post","status-publish","format-standard","hentry","category-curs-25-26","category-i5","category-infantil","category-portada"],"post_mailing_queue_ids":[],"_links":{"self":[{"href":"https:\/\/agora.xtec.cat\/escmadorell\/wp-json\/wp\/v2\/posts\/20482","targetHints":{"allow":["GET"]}}],"collection":[{"href":"https:\/\/agora.xtec.cat\/escmadorell\/wp-json\/wp\/v2\/posts"}],"about":[{"href":"https:\/\/agora.xtec.cat\/escmadorell\/wp-json\/wp\/v2\/types\/post"}],"author":[{"embeddable":true,"href":"https:\/\/agora.xtec.cat\/escmadorell\/wp-json\/wp\/v2\/users\/46"}],"replies":[{"embeddable":true,"href":"https:\/\/agora.xtec.cat\/escmadorell\/wp-json\/wp\/v2\/comments?post=20482"}],"version-history":[{"count":4,"href":"https:\/\/agora.xtec.cat\/escmadorell\/wp-json\/wp\/v2\/posts\/20482\/revisions"}],"predecessor-version":[{"id":20489,"href":"https:\/\/agora.xtec.cat\/escmadorell\/wp-json\/wp\/v2\/posts\/20482\/revisions\/20489"}],"wp:attachment":[{"href":"https:\/\/agora.xtec.cat\/escmadorell\/wp-json\/wp\/v2\/media?parent=20482"}],"wp:term":[{"taxonomy":"category","embeddable":true,"href":"https:\/\/agora.xtec.cat\/escmadorell\/wp-json\/wp\/v2\/categories?post=20482"},{"taxonomy":"post_tag","embeddable":true,"href":"https:\/\/agora.xtec.cat\/escmadorell\/wp-json\/wp\/v2\/tags?post=20482"}],"curies":[{"name":"wp","href":"https:\/\/api.w.org\/{rel}","templated":true}]}}