{"id":19531,"date":"2025-06-06T10:07:49","date_gmt":"2025-06-06T08:07:49","guid":{"rendered":"https:\/\/agora.xtec.cat\/escmadorell\/?p=19531"},"modified":"2025-06-06T10:07:49","modified_gmt":"2025-06-06T08:07:49","slug":"el-regal-del-papir-una-activitat-plena-de-significat","status":"publish","type":"post","link":"https:\/\/agora.xtec.cat\/escmadorell\/general\/el-regal-del-papir-una-activitat-plena-de-significat\/","title":{"rendered":"El regal del papir: una activitat plena de significat"},"content":{"rendered":"<p><span style=\"font-weight: 400;\">Aquest curs, els nens i nenes de primer de l\u2019escola Madorell han viscut una experi\u00e8ncia ben especial i creativa: han elaborat paper reciclat artesanal, en homenatge al seu nom de classe: <\/span><b>la classe del Papir<\/b><span style=\"font-weight: 400;\">. I aquest paper tan valu\u00f3s no \u00e9s per quedar-se\u2019l, sin\u00f3 que l\u2019han fet amb molt d\u2019afecte per regalar-lo als alumnes de 6\u00e8, que ben aviat marxaran de l\u2019escola per comen\u00e7ar una nova etapa.<\/span><\/p>\n<p><span style=\"font-weight: 400;\">Aquest projecte, que uneix <\/span><b>valors com la sostenibilitat, la cura del medi ambient i la import\u00e0ncia de les tradicions<\/b><span style=\"font-weight: 400;\">, ha estat tot un proc\u00e9s d\u2019aprenentatge actiu i significatiu. Per comen\u00e7ar, els alumnes van fer trossets petits amb fulls de paper de diari que ja no es feien servir. Despr\u00e9s, els van posar en remull amb aigua i, un cop ben amarats, els van triturar fins a aconseguir una massa homog\u00e8nia. Aquesta barreja es va deixar reposar durant tot un dia i, amb molta cura, cada grup va premsar la pasta per formar una nova l\u00e0mina de papir. Un cop est\u00e8s, nom\u00e9s calia esperar que s\u2019assequ\u00e9s per complet. No era nom\u00e9s un exercici manual, sin\u00f3 Amb aquesta activitat no nom\u00e9s han apr\u00e8s com es pot reutilitzar el paper, sin\u00f3 que tamb\u00e9 han reflexionat sobre l\u2019<\/span><b>\u00fas responsable dels recursos<\/b><span style=\"font-weight: 400;\"> i han posat en pr\u00e0ctica <\/span><b>la paci\u00e8ncia, el treball en equip i la precisi\u00f3 manual<\/b><span style=\"font-weight: 400;\">. Tamb\u00e9 han apr\u00e8s <\/span><b>una lli\u00e7\u00f3 de vida<\/b><span style=\"font-weight: 400;\">: amb temps, cura i esfor\u00e7, les coses es poden transformar en alguna cosa nova, bella i significativa.<\/span><\/p>\n<p><span style=\"font-weight: 400;\">Aquest papir, aparentment senzill, guarda dins seu <\/span><b>hores de feina, somriures compartits, mans mullades, converses de pati i ganes d\u2019emocionar<\/b><span style=\"font-weight: 400;\">. \u00c9s un regal fet amb amor, perqu\u00e8 cada full simbolitza un &#8220;gr\u00e0cies&#8221;, un &#8220;et trobarem a faltar&#8221;, un &#8220;porta una part de nosaltres all\u00e0 on vagis&#8221;.<\/span><\/p>\n<p><span style=\"font-weight: 400;\">Des de l\u2019escola, no podem estar m\u00e9s orgullosos d\u2019aquest gest que uneix el m\u00e9s petit amb el m\u00e9s gran, <\/span><b>que fa comunitat i que ens recorda per qu\u00e8 estimem tant l\u2019educaci\u00f3<\/b><span style=\"font-weight: 400;\">. Volem felicitar la classe de primer per la seva feina i el seu esperit cooperatiu. I als de 6\u00e8, desitjar-los un futur ple d\u2019aprenentatges i aventures!<\/span><\/p>\n<p><a href=\"https:\/\/agora.xtec.cat\/escmadorell\/wp-content\/uploads\/usu1350\/2025\/06\/IMG_20250603_094817-scaled.jpg\"><img loading=\"lazy\" decoding=\"async\" class=\"aligncenter wp-image-19532 size-medium\" src=\"https:\/\/agora.xtec.cat\/escmadorell\/wp-content\/uploads\/usu1350\/2025\/06\/IMG_20250603_094817-135x300.jpg\" alt=\"\" width=\"135\" height=\"300\" srcset=\"https:\/\/agora.xtec.cat\/escmadorell\/wp-content\/uploads\/usu1350\/2025\/06\/IMG_20250603_094817-135x300.jpg 135w, https:\/\/agora.xtec.cat\/escmadorell\/wp-content\/uploads\/usu1350\/2025\/06\/IMG_20250603_094817-460x1024.jpg 460w, https:\/\/agora.xtec.cat\/escmadorell\/wp-content\/uploads\/usu1350\/2025\/06\/IMG_20250603_094817-768x1710.jpg 768w, https:\/\/agora.xtec.cat\/escmadorell\/wp-content\/uploads\/usu1350\/2025\/06\/IMG_20250603_094817-690x1536.jpg 690w, https:\/\/agora.xtec.cat\/escmadorell\/wp-content\/uploads\/usu1350\/2025\/06\/IMG_20250603_094817-920x2048.jpg 920w, https:\/\/agora.xtec.cat\/escmadorell\/wp-content\/uploads\/usu1350\/2025\/06\/IMG_20250603_094817-scaled.jpg 1150w\" sizes=\"auto, (max-width: 135px) 100vw, 135px\" \/><\/a> <a href=\"https:\/\/agora.xtec.cat\/escmadorell\/wp-content\/uploads\/usu1350\/2025\/06\/IMG_20250603_094940-scaled.jpg\"><img loading=\"lazy\" decoding=\"async\" class=\"aligncenter wp-image-19533 size-medium\" src=\"https:\/\/agora.xtec.cat\/escmadorell\/wp-content\/uploads\/usu1350\/2025\/06\/IMG_20250603_094940-135x300.jpg\" alt=\"\" width=\"135\" height=\"300\" srcset=\"https:\/\/agora.xtec.cat\/escmadorell\/wp-content\/uploads\/usu1350\/2025\/06\/IMG_20250603_094940-135x300.jpg 135w, https:\/\/agora.xtec.cat\/escmadorell\/wp-content\/uploads\/usu1350\/2025\/06\/IMG_20250603_094940-460x1024.jpg 460w, https:\/\/agora.xtec.cat\/escmadorell\/wp-content\/uploads\/usu1350\/2025\/06\/IMG_20250603_094940-768x1710.jpg 768w, https:\/\/agora.xtec.cat\/escmadorell\/wp-content\/uploads\/usu1350\/2025\/06\/IMG_20250603_094940-690x1536.jpg 690w, https:\/\/agora.xtec.cat\/escmadorell\/wp-content\/uploads\/usu1350\/2025\/06\/IMG_20250603_094940-920x2048.jpg 920w, https:\/\/agora.xtec.cat\/escmadorell\/wp-content\/uploads\/usu1350\/2025\/06\/IMG_20250603_094940-scaled.jpg 1150w\" sizes=\"auto, (max-width: 135px) 100vw, 135px\" \/><\/a> <a href=\"https:\/\/agora.xtec.cat\/escmadorell\/wp-content\/uploads\/usu1350\/2025\/06\/IMG-20250603-WA0007.jpg\"><img loading=\"lazy\" decoding=\"async\" class=\"aligncenter wp-image-19534 size-medium\" src=\"https:\/\/agora.xtec.cat\/escmadorell\/wp-content\/uploads\/usu1350\/2025\/06\/IMG-20250603-WA0007-300x225.jpg\" alt=\"\" width=\"300\" height=\"225\" srcset=\"https:\/\/agora.xtec.cat\/escmadorell\/wp-content\/uploads\/usu1350\/2025\/06\/IMG-20250603-WA0007-300x225.jpg 300w, https:\/\/agora.xtec.cat\/escmadorell\/wp-content\/uploads\/usu1350\/2025\/06\/IMG-20250603-WA0007-1024x768.jpg 1024w, https:\/\/agora.xtec.cat\/escmadorell\/wp-content\/uploads\/usu1350\/2025\/06\/IMG-20250603-WA0007-768x576.jpg 768w, https:\/\/agora.xtec.cat\/escmadorell\/wp-content\/uploads\/usu1350\/2025\/06\/IMG-20250603-WA0007-1536x1152.jpg 1536w, https:\/\/agora.xtec.cat\/escmadorell\/wp-content\/uploads\/usu1350\/2025\/06\/IMG-20250603-WA0007-200x150.jpg 200w, https:\/\/agora.xtec.cat\/escmadorell\/wp-content\/uploads\/usu1350\/2025\/06\/IMG-20250603-WA0007.jpg 1600w\" sizes=\"auto, (max-width: 300px) 100vw, 300px\" \/><\/a> <a href=\"https:\/\/agora.xtec.cat\/escmadorell\/wp-content\/uploads\/usu1350\/2025\/06\/IMG-20250603-WA0012.jpg\"><img loading=\"lazy\" decoding=\"async\" class=\"aligncenter wp-image-19535 size-medium\" src=\"https:\/\/agora.xtec.cat\/escmadorell\/wp-content\/uploads\/usu1350\/2025\/06\/IMG-20250603-WA0012-225x300.jpg\" alt=\"\" width=\"225\" height=\"300\" srcset=\"https:\/\/agora.xtec.cat\/escmadorell\/wp-content\/uploads\/usu1350\/2025\/06\/IMG-20250603-WA0012-225x300.jpg 225w, https:\/\/agora.xtec.cat\/escmadorell\/wp-content\/uploads\/usu1350\/2025\/06\/IMG-20250603-WA0012-768x1024.jpg 768w, https:\/\/agora.xtec.cat\/escmadorell\/wp-content\/uploads\/usu1350\/2025\/06\/IMG-20250603-WA0012-1152x1536.jpg 1152w, https:\/\/agora.xtec.cat\/escmadorell\/wp-content\/uploads\/usu1350\/2025\/06\/IMG-20250603-WA0012.jpg 1200w\" sizes=\"auto, (max-width: 225px) 100vw, 225px\" \/><\/a> <a href=\"https:\/\/agora.xtec.cat\/escmadorell\/wp-content\/uploads\/usu1350\/2025\/06\/IMG-20250603-WA0014.jpg\"><img loading=\"lazy\" decoding=\"async\" class=\"aligncenter wp-image-19536 size-medium\" src=\"https:\/\/agora.xtec.cat\/escmadorell\/wp-content\/uploads\/usu1350\/2025\/06\/IMG-20250603-WA0014-225x300.jpg\" alt=\"\" width=\"225\" height=\"300\" srcset=\"https:\/\/agora.xtec.cat\/escmadorell\/wp-content\/uploads\/usu1350\/2025\/06\/IMG-20250603-WA0014-225x300.jpg 225w, https:\/\/agora.xtec.cat\/escmadorell\/wp-content\/uploads\/usu1350\/2025\/06\/IMG-20250603-WA0014-768x1024.jpg 768w, https:\/\/agora.xtec.cat\/escmadorell\/wp-content\/uploads\/usu1350\/2025\/06\/IMG-20250603-WA0014-1152x1536.jpg 1152w, https:\/\/agora.xtec.cat\/escmadorell\/wp-content\/uploads\/usu1350\/2025\/06\/IMG-20250603-WA0014.jpg 1200w\" sizes=\"auto, (max-width: 225px) 100vw, 225px\" \/><\/a><\/p>\n","protected":false},"excerpt":{"rendered":"<p>Aquest curs, els nens i nenes de primer de l\u2019escola Madorell han viscut una experi\u00e8ncia ben especial i creativa: han elaborat paper reciclat artesanal, en homenatge al seu nom de classe: la classe del Papir. I aquest paper tan valu\u00f3s no \u00e9s per quedar-se\u2019l, sin\u00f3&hellip;  <a href=\"https:\/\/agora.xtec.cat\/escmadorell\/general\/el-regal-del-papir-una-activitat-plena-de-significat\/\" title=\"Read El regal del papir: una activitat plena de significat\">Llegeix m\u00e9s\u00bb<\/a><\/p>\n","protected":false},"author":7,"featured_media":0,"comment_status":"open","ping_status":"open","sticky":false,"template":"","format":"standard","meta":{"_bbp_topic_count":0,"_bbp_reply_count":0,"_bbp_total_topic_count":0,"_bbp_total_reply_count":0,"_bbp_voice_count":0,"_bbp_anonymous_reply_count":0,"_bbp_topic_count_hidden":0,"_bbp_reply_count_hidden":0,"_bbp_forum_subforum_count":0,"footnotes":""},"categories":[10,272,1,4,5,129],"tags":[],"class_list":["post-19531","post","type-post","status-publish","format-standard","hentry","category-1r","category-curs-24-25","category-general","category-portada","category-primaria","category-reciclatge"],"post_mailing_queue_ids":[],"_links":{"self":[{"href":"https:\/\/agora.xtec.cat\/escmadorell\/wp-json\/wp\/v2\/posts\/19531","targetHints":{"allow":["GET"]}}],"collection":[{"href":"https:\/\/agora.xtec.cat\/escmadorell\/wp-json\/wp\/v2\/posts"}],"about":[{"href":"https:\/\/agora.xtec.cat\/escmadorell\/wp-json\/wp\/v2\/types\/post"}],"author":[{"embeddable":true,"href":"https:\/\/agora.xtec.cat\/escmadorell\/wp-json\/wp\/v2\/users\/7"}],"replies":[{"embeddable":true,"href":"https:\/\/agora.xtec.cat\/escmadorell\/wp-json\/wp\/v2\/comments?post=19531"}],"version-history":[{"count":1,"href":"https:\/\/agora.xtec.cat\/escmadorell\/wp-json\/wp\/v2\/posts\/19531\/revisions"}],"predecessor-version":[{"id":19537,"href":"https:\/\/agora.xtec.cat\/escmadorell\/wp-json\/wp\/v2\/posts\/19531\/revisions\/19537"}],"wp:attachment":[{"href":"https:\/\/agora.xtec.cat\/escmadorell\/wp-json\/wp\/v2\/media?parent=19531"}],"wp:term":[{"taxonomy":"category","embeddable":true,"href":"https:\/\/agora.xtec.cat\/escmadorell\/wp-json\/wp\/v2\/categories?post=19531"},{"taxonomy":"post_tag","embeddable":true,"href":"https:\/\/agora.xtec.cat\/escmadorell\/wp-json\/wp\/v2\/tags?post=19531"}],"curies":[{"name":"wp","href":"https:\/\/api.w.org\/{rel}","templated":true}]}}