{"id":19276,"date":"2025-02-13T10:34:56","date_gmt":"2025-02-13T09:34:56","guid":{"rendered":"https:\/\/agora.xtec.cat\/escmadorell\/?p=19276"},"modified":"2025-02-13T10:34:56","modified_gmt":"2025-02-13T09:34:56","slug":"radio-madorell-8","status":"publish","type":"post","link":"https:\/\/agora.xtec.cat\/escmadorell\/general\/radio-madorell-8\/","title":{"rendered":"R\u00e0dio Madorell"},"content":{"rendered":"<p>Arrenquem amb els programes de r\u00e0dio produ\u00efts per l\u2019alumnat de 4t. Cada setmana podreu gaudir d\u2019un podcast diferent.<\/p>\n<p>Aquesta setmana ens iniciem amb el programa: \u201cEl m\u00f3n dels llibres\u201d.<\/p>\n<p><iframe loading=\"lazy\" src=\"https:\/\/www.ivoox.com\/player_ej_139424976_6_1.html?c1=f7a35a\" width=\"100%\" height=\"200\" frameborder=\"0\" scrolling=\"no\" allowfullscreen=\"allowfullscreen\"><\/iframe><\/p>\n","protected":false},"excerpt":{"rendered":"<p>Arrenquem amb els programes de r\u00e0dio produ\u00efts per l\u2019alumnat de 4t. Cada setmana podreu gaudir d\u2019un podcast diferent.<br \/>\nAquesta setmana ens iniciem amb el programa: \u201cEl m\u00f3n dels llibres\u201d.<\/p>\n","protected":false},"author":7,"featured_media":0,"comment_status":"open","ping_status":"closed","sticky":false,"template":"","format":"standard","meta":{"_bbp_topic_count":0,"_bbp_reply_count":0,"_bbp_total_topic_count":0,"_bbp_total_reply_count":0,"_bbp_voice_count":0,"_bbp_anonymous_reply_count":0,"_bbp_topic_count_hidden":0,"_bbp_reply_count_hidden":0,"_bbp_forum_subforum_count":0,"footnotes":""},"categories":[13,272,1,4,5,265],"tags":[],"class_list":["post-19276","post","type-post","status-publish","format-standard","hentry","category-4t","category-curs-24-25","category-general","category-portada","category-primaria","category-projecte-radio"],"post_mailing_queue_ids":[],"_links":{"self":[{"href":"https:\/\/agora.xtec.cat\/escmadorell\/wp-json\/wp\/v2\/posts\/19276","targetHints":{"allow":["GET"]}}],"collection":[{"href":"https:\/\/agora.xtec.cat\/escmadorell\/wp-json\/wp\/v2\/posts"}],"about":[{"href":"https:\/\/agora.xtec.cat\/escmadorell\/wp-json\/wp\/v2\/types\/post"}],"author":[{"embeddable":true,"href":"https:\/\/agora.xtec.cat\/escmadorell\/wp-json\/wp\/v2\/users\/7"}],"replies":[{"embeddable":true,"href":"https:\/\/agora.xtec.cat\/escmadorell\/wp-json\/wp\/v2\/comments?post=19276"}],"version-history":[{"count":1,"href":"https:\/\/agora.xtec.cat\/escmadorell\/wp-json\/wp\/v2\/posts\/19276\/revisions"}],"predecessor-version":[{"id":19277,"href":"https:\/\/agora.xtec.cat\/escmadorell\/wp-json\/wp\/v2\/posts\/19276\/revisions\/19277"}],"wp:attachment":[{"href":"https:\/\/agora.xtec.cat\/escmadorell\/wp-json\/wp\/v2\/media?parent=19276"}],"wp:term":[{"taxonomy":"category","embeddable":true,"href":"https:\/\/agora.xtec.cat\/escmadorell\/wp-json\/wp\/v2\/categories?post=19276"},{"taxonomy":"post_tag","embeddable":true,"href":"https:\/\/agora.xtec.cat\/escmadorell\/wp-json\/wp\/v2\/tags?post=19276"}],"curies":[{"name":"wp","href":"https:\/\/api.w.org\/{rel}","templated":true}]}}