{"id":18796,"date":"2024-09-26T10:49:33","date_gmt":"2024-09-26T08:49:33","guid":{"rendered":"https:\/\/agora.xtec.cat\/escmadorell\/?p=18796"},"modified":"2024-09-26T10:49:33","modified_gmt":"2024-09-26T08:49:33","slug":"entrevista-al-quique-vergara","status":"publish","type":"post","link":"https:\/\/agora.xtec.cat\/escmadorell\/portada\/entrevista-al-quique-vergara\/","title":{"rendered":"Entrevista al Quique Vergara"},"content":{"rendered":"<p>En el marc de la Nit de la recerca europea, l&#8217;escola, conjuntament amb els centres cient\u00edfics i tecnol\u00f2gics de la Universitat de Barcelona, organitza una activitat per compartir les experi\u00e8ncies d&#8217;alumnes i de cient\u00edfics i cient\u00edfiques. Per con\u00e8ixer el contingut d&#8217;aquest acte, no us perdeu l&#8217;entrevista que li van fer al Quique Vergara, assessor de l&#8217;escola en el marc del projecte Magnet.<\/p>\n<p><a href=\"https:\/\/go.ivoox.com\/rf\/134207039\">https:\/\/go.ivoox.com\/rf\/134207039<\/a><\/p>\n","protected":false},"excerpt":{"rendered":"<p>En el marc de la Nit de la recerca europea, l&#8217;escola, conjuntament amb els centres cient\u00edfics i tecnol\u00f2gics de la Universitat de Barcelona, organitza una activitat per compartir les experi\u00e8ncies d&#8217;alumnes i de cient\u00edfics i cient\u00edfiques. Per con\u00e8ixer el contingut d&#8217;aquest acte, no us perdeu&hellip;  <a href=\"https:\/\/agora.xtec.cat\/escmadorell\/portada\/entrevista-al-quique-vergara\/\" title=\"Read Entrevista al Quique Vergara\">Llegeix m\u00e9s\u00bb<\/a><\/p>\n","protected":false},"author":4,"featured_media":0,"comment_status":"open","ping_status":"closed","sticky":false,"template":"","format":"standard","meta":{"_bbp_topic_count":0,"_bbp_reply_count":0,"_bbp_total_topic_count":0,"_bbp_total_reply_count":0,"_bbp_voice_count":0,"_bbp_anonymous_reply_count":0,"_bbp_topic_count_hidden":0,"_bbp_reply_count_hidden":0,"_bbp_forum_subforum_count":0,"footnotes":""},"categories":[272,4],"tags":[273],"class_list":["post-18796","post","type-post","status-publish","format-standard","hentry","category-curs-24-25","category-portada","tag-curs-24-25"],"post_mailing_queue_ids":[],"_links":{"self":[{"href":"https:\/\/agora.xtec.cat\/escmadorell\/wp-json\/wp\/v2\/posts\/18796","targetHints":{"allow":["GET"]}}],"collection":[{"href":"https:\/\/agora.xtec.cat\/escmadorell\/wp-json\/wp\/v2\/posts"}],"about":[{"href":"https:\/\/agora.xtec.cat\/escmadorell\/wp-json\/wp\/v2\/types\/post"}],"author":[{"embeddable":true,"href":"https:\/\/agora.xtec.cat\/escmadorell\/wp-json\/wp\/v2\/users\/4"}],"replies":[{"embeddable":true,"href":"https:\/\/agora.xtec.cat\/escmadorell\/wp-json\/wp\/v2\/comments?post=18796"}],"version-history":[{"count":4,"href":"https:\/\/agora.xtec.cat\/escmadorell\/wp-json\/wp\/v2\/posts\/18796\/revisions"}],"predecessor-version":[{"id":18800,"href":"https:\/\/agora.xtec.cat\/escmadorell\/wp-json\/wp\/v2\/posts\/18796\/revisions\/18800"}],"wp:attachment":[{"href":"https:\/\/agora.xtec.cat\/escmadorell\/wp-json\/wp\/v2\/media?parent=18796"}],"wp:term":[{"taxonomy":"category","embeddable":true,"href":"https:\/\/agora.xtec.cat\/escmadorell\/wp-json\/wp\/v2\/categories?post=18796"},{"taxonomy":"post_tag","embeddable":true,"href":"https:\/\/agora.xtec.cat\/escmadorell\/wp-json\/wp\/v2\/tags?post=18796"}],"curies":[{"name":"wp","href":"https:\/\/api.w.org\/{rel}","templated":true}]}}