{"id":18473,"date":"2024-03-21T10:33:37","date_gmt":"2024-03-21T09:33:37","guid":{"rendered":"https:\/\/agora.xtec.cat\/escmadorell\/?p=18473"},"modified":"2024-03-21T10:34:45","modified_gmt":"2024-03-21T09:34:45","slug":"consell-escolar-9","status":"publish","type":"post","link":"https:\/\/agora.xtec.cat\/escmadorell\/portada\/consell-escolar-9\/","title":{"rendered":"Consell escolar"},"content":{"rendered":"<p>Fam\u00edlies,<\/p>\n<p>Ahir dimecres 20 de mar\u00e7, vam celebrar un Consell Escolar amb el seg\u00fcent ordre del dia:<\/p>\n<ol>\n<li>Aprovaci\u00f3 de l&#8217;acta anterior.<\/li>\n<li>Mem\u00f2ria final de mandat.<\/li>\n<li>Comissi\u00f3 avaluativa.<\/li>\n<li>Altres.<\/li>\n<\/ol>\n<p>Es va aprovar l&#8217;acta sense cap esmena, i el director va procedir a exposar la mem\u00f2ria final de mandat. A trav\u00e9s d&#8217;indicadors propis del centre i externs, procedent de la Generalitat de Catalunya, es va retre comptes.<\/p>\n<p>Posteriorment, es va configurar la comissi\u00f3 que s&#8217;entrevistar\u00e0 amb l&#8217;Inspector d&#8217;educaci\u00f3 per veure con\u00e8ixer el parer de cada sector: AFA, fam\u00edlies, mestres i ajuntament.<\/p>\n<p>Finalment, es va exposar la problem\u00e0tica generada pel gran nombre d&#8217;alumnes amb patinets i bicicletes que fan \u00fas de l&#8217;espai de p\u00e0rquing. Es van acordar algunes mesures al respecte.<\/p>\n","protected":false},"excerpt":{"rendered":"<p>Fam\u00edlies,<br \/>\nAhir dimecres 20 de mar\u00e7, vam celebrar un Consell Escolar amb el seg\u00fcent ordre del dia:<\/p>\n<ol>\n<li>Aprovaci\u00f3 de l&#8217;acta anterior.<\/li>\n<li>Mem\u00f2ria final de mandat.<\/li>\n<li>Comissi\u00f3 avaluativa.<\/li>\n<li>Altres.<\/li>\n<\/ol>\n<p>Es va aprovar l&#8217;acta sense cap esmena, i el director va procedir a exposar la mem\u00f2ria final de mandat. A trav\u00e9s d&#8217;indicadors propis&hellip;  <a href=\"https:\/\/agora.xtec.cat\/escmadorell\/portada\/consell-escolar-9\/\" title=\"Read Consell escolar\">Llegeix m\u00e9s\u00bb<\/a><\/p>\n","protected":false},"author":4,"featured_media":0,"comment_status":"open","ping_status":"closed","sticky":false,"template":"","format":"standard","meta":{"_bbp_topic_count":0,"_bbp_reply_count":0,"_bbp_total_topic_count":0,"_bbp_total_reply_count":0,"_bbp_voice_count":0,"_bbp_anonymous_reply_count":0,"_bbp_topic_count_hidden":0,"_bbp_reply_count_hidden":0,"_bbp_forum_subforum_count":0,"footnotes":""},"categories":[108,267,4],"tags":[],"class_list":["post-18473","post","type-post","status-publish","format-standard","hentry","category-consell-escolar","category-curs-23-24","category-portada"],"post_mailing_queue_ids":[],"_links":{"self":[{"href":"https:\/\/agora.xtec.cat\/escmadorell\/wp-json\/wp\/v2\/posts\/18473","targetHints":{"allow":["GET"]}}],"collection":[{"href":"https:\/\/agora.xtec.cat\/escmadorell\/wp-json\/wp\/v2\/posts"}],"about":[{"href":"https:\/\/agora.xtec.cat\/escmadorell\/wp-json\/wp\/v2\/types\/post"}],"author":[{"embeddable":true,"href":"https:\/\/agora.xtec.cat\/escmadorell\/wp-json\/wp\/v2\/users\/4"}],"replies":[{"embeddable":true,"href":"https:\/\/agora.xtec.cat\/escmadorell\/wp-json\/wp\/v2\/comments?post=18473"}],"version-history":[{"count":1,"href":"https:\/\/agora.xtec.cat\/escmadorell\/wp-json\/wp\/v2\/posts\/18473\/revisions"}],"predecessor-version":[{"id":18474,"href":"https:\/\/agora.xtec.cat\/escmadorell\/wp-json\/wp\/v2\/posts\/18473\/revisions\/18474"}],"wp:attachment":[{"href":"https:\/\/agora.xtec.cat\/escmadorell\/wp-json\/wp\/v2\/media?parent=18473"}],"wp:term":[{"taxonomy":"category","embeddable":true,"href":"https:\/\/agora.xtec.cat\/escmadorell\/wp-json\/wp\/v2\/categories?post=18473"},{"taxonomy":"post_tag","embeddable":true,"href":"https:\/\/agora.xtec.cat\/escmadorell\/wp-json\/wp\/v2\/tags?post=18473"}],"curies":[{"name":"wp","href":"https:\/\/api.w.org\/{rel}","templated":true}]}}