{"id":18332,"date":"2024-02-05T14:06:41","date_gmt":"2024-02-05T13:06:41","guid":{"rendered":"https:\/\/agora.xtec.cat\/escmadorell\/?p=18332"},"modified":"2024-02-05T15:11:14","modified_gmt":"2024-02-05T14:11:14","slug":"la-classe-de-la-natura-comenca-el-projecte-pels-altres","status":"publish","type":"post","link":"https:\/\/agora.xtec.cat\/escmadorell\/general\/la-classe-de-la-natura-comenca-el-projecte-pels-altres\/","title":{"rendered":"LA CLASSE DE LA NATURA COMEN\u00c7A EL PROJECTE PELS ALTRES"},"content":{"rendered":"<p><span style=\"font-weight: 400;\">Els infants de la classe de la Natura comencem el projecte pels altres. Aix\u00ed doncs, hem aprofitat per comprar a la Fira de la Candelera plantes pel pati. Primer hem fet un treball d\u2019investigaci\u00f3 per veure com estaven les plantes de la Mediterr\u00e0nia i les plantes del pati.\u00a0<\/span><\/p>\n<p><span style=\"font-weight: 400;\">Ens hem adonat que cal comprar plantes que siguin resistents i necessitin poca aigua.<\/span><\/p>\n<p><span style=\"font-weight: 400;\">Finalment pensem que les plantes arom\u00e0tiques: esp\u00edgol, roman\u00ed, farigola\u2026s\u00f3n plantes molt boniques i podem fer diferents experiments. Per altra banda, segurament que floriran i podrem fer molts experiments.\u00a0<\/span><\/p>\n<p><span style=\"font-weight: 400;\">Ara estem molt emocionats per poder engegar el nostre projecte i cuidar les plantes que hem comprat amb molta il.lusi\u00f3.<\/span><\/p>\n<p><span style=\"font-weight: 400;\">Ja us anirem explicant les nostres viv\u00e8ncies i us deixem algunes fotos perqu\u00e8 veieu que tenim un pati molt bonic. Ara nom\u00e9s cal fer de jardiners i cuidar les plantes per cr\u00e9ixer com nosaltres!!<\/span><\/p>\n<p><a href=\"https:\/\/agora.xtec.cat\/escmadorell\/wp-content\/uploads\/usu1350\/2024\/02\/6374242a-11c2-43b5-a396-e9aaaa2b0184.jpg\"><img loading=\"lazy\" decoding=\"async\" class=\"aligncenter wp-image-18333\" src=\"https:\/\/agora.xtec.cat\/escmadorell\/wp-content\/uploads\/usu1350\/2024\/02\/6374242a-11c2-43b5-a396-e9aaaa2b0184-1024x768.jpg\" alt=\"\" width=\"552\" height=\"414\" srcset=\"https:\/\/agora.xtec.cat\/escmadorell\/wp-content\/uploads\/usu1350\/2024\/02\/6374242a-11c2-43b5-a396-e9aaaa2b0184-1024x768.jpg 1024w, https:\/\/agora.xtec.cat\/escmadorell\/wp-content\/uploads\/usu1350\/2024\/02\/6374242a-11c2-43b5-a396-e9aaaa2b0184-300x225.jpg 300w, https:\/\/agora.xtec.cat\/escmadorell\/wp-content\/uploads\/usu1350\/2024\/02\/6374242a-11c2-43b5-a396-e9aaaa2b0184-768x576.jpg 768w, https:\/\/agora.xtec.cat\/escmadorell\/wp-content\/uploads\/usu1350\/2024\/02\/6374242a-11c2-43b5-a396-e9aaaa2b0184-1536x1152.jpg 1536w, https:\/\/agora.xtec.cat\/escmadorell\/wp-content\/uploads\/usu1350\/2024\/02\/6374242a-11c2-43b5-a396-e9aaaa2b0184-200x150.jpg 200w, https:\/\/agora.xtec.cat\/escmadorell\/wp-content\/uploads\/usu1350\/2024\/02\/6374242a-11c2-43b5-a396-e9aaaa2b0184.jpg 1600w\" sizes=\"auto, (max-width: 552px) 100vw, 552px\" \/><\/a> <a href=\"https:\/\/agora.xtec.cat\/escmadorell\/wp-content\/uploads\/usu1350\/2024\/02\/f87ed5b2-a436-4570-8f76-a781a861a362.jpg\"><img loading=\"lazy\" decoding=\"async\" class=\"aligncenter wp-image-18334\" src=\"https:\/\/agora.xtec.cat\/escmadorell\/wp-content\/uploads\/usu1350\/2024\/02\/f87ed5b2-a436-4570-8f76-a781a861a362.jpg\" alt=\"\" width=\"552\" height=\"414\" srcset=\"https:\/\/agora.xtec.cat\/escmadorell\/wp-content\/uploads\/usu1350\/2024\/02\/f87ed5b2-a436-4570-8f76-a781a861a362.jpg 320w, https:\/\/agora.xtec.cat\/escmadorell\/wp-content\/uploads\/usu1350\/2024\/02\/f87ed5b2-a436-4570-8f76-a781a861a362-300x225.jpg 300w, https:\/\/agora.xtec.cat\/escmadorell\/wp-content\/uploads\/usu1350\/2024\/02\/f87ed5b2-a436-4570-8f76-a781a861a362-200x150.jpg 200w\" sizes=\"auto, (max-width: 552px) 100vw, 552px\" \/><\/a> <a href=\"https:\/\/agora.xtec.cat\/escmadorell\/wp-content\/uploads\/usu1350\/2024\/02\/1e337201-b3b7-4f12-aeee-6f10a069909a.jpg\"><img loading=\"lazy\" decoding=\"async\" class=\"aligncenter wp-image-18335\" src=\"https:\/\/agora.xtec.cat\/escmadorell\/wp-content\/uploads\/usu1350\/2024\/02\/1e337201-b3b7-4f12-aeee-6f10a069909a.jpg\" alt=\"\" width=\"552\" height=\"414\" srcset=\"https:\/\/agora.xtec.cat\/escmadorell\/wp-content\/uploads\/usu1350\/2024\/02\/1e337201-b3b7-4f12-aeee-6f10a069909a.jpg 320w, https:\/\/agora.xtec.cat\/escmadorell\/wp-content\/uploads\/usu1350\/2024\/02\/1e337201-b3b7-4f12-aeee-6f10a069909a-300x225.jpg 300w, https:\/\/agora.xtec.cat\/escmadorell\/wp-content\/uploads\/usu1350\/2024\/02\/1e337201-b3b7-4f12-aeee-6f10a069909a-200x150.jpg 200w\" sizes=\"auto, (max-width: 552px) 100vw, 552px\" \/><\/a> <a href=\"https:\/\/agora.xtec.cat\/escmadorell\/wp-content\/uploads\/usu1350\/2024\/02\/6b37b16c-78ca-49ba-bf0d-498a16bb8148.jpg\"><img loading=\"lazy\" decoding=\"async\" class=\"aligncenter wp-image-18336\" src=\"https:\/\/agora.xtec.cat\/escmadorell\/wp-content\/uploads\/usu1350\/2024\/02\/6b37b16c-78ca-49ba-bf0d-498a16bb8148-768x1024.jpg\" alt=\"\" width=\"552\" height=\"736\" srcset=\"https:\/\/agora.xtec.cat\/escmadorell\/wp-content\/uploads\/usu1350\/2024\/02\/6b37b16c-78ca-49ba-bf0d-498a16bb8148-768x1024.jpg 768w, https:\/\/agora.xtec.cat\/escmadorell\/wp-content\/uploads\/usu1350\/2024\/02\/6b37b16c-78ca-49ba-bf0d-498a16bb8148-225x300.jpg 225w, https:\/\/agora.xtec.cat\/escmadorell\/wp-content\/uploads\/usu1350\/2024\/02\/6b37b16c-78ca-49ba-bf0d-498a16bb8148-1152x1536.jpg 1152w, https:\/\/agora.xtec.cat\/escmadorell\/wp-content\/uploads\/usu1350\/2024\/02\/6b37b16c-78ca-49ba-bf0d-498a16bb8148.jpg 1200w\" sizes=\"auto, (max-width: 552px) 100vw, 552px\" \/><\/a><\/p>\n","protected":false},"excerpt":{"rendered":"<p>Els infants de la classe de la Natura comencem el projecte pels altres. Aix\u00ed doncs, hem aprofitat per comprar a la Fira de la Candelera plantes pel pati. Primer hem fet un treball d\u2019investigaci\u00f3 per veure com estaven les plantes de la Mediterr\u00e0nia i les&hellip;  <a href=\"https:\/\/agora.xtec.cat\/escmadorell\/general\/la-classe-de-la-natura-comenca-el-projecte-pels-altres\/\" title=\"Read LA CLASSE DE LA NATURA COMEN\u00c7A EL PROJECTE PELS ALTRES\">Llegeix m\u00e9s\u00bb<\/a><\/p>\n","protected":false},"author":9,"featured_media":0,"comment_status":"open","ping_status":"closed","sticky":false,"template":"","format":"standard","meta":{"_bbp_topic_count":0,"_bbp_reply_count":0,"_bbp_total_topic_count":0,"_bbp_total_reply_count":0,"_bbp_voice_count":0,"_bbp_anonymous_reply_count":0,"_bbp_topic_count_hidden":0,"_bbp_reply_count_hidden":0,"_bbp_forum_subforum_count":0,"footnotes":""},"categories":[11,267,1,4,5],"tags":[],"class_list":["post-18332","post","type-post","status-publish","format-standard","hentry","category-2n","category-curs-23-24","category-general","category-portada","category-primaria"],"post_mailing_queue_ids":[],"_links":{"self":[{"href":"https:\/\/agora.xtec.cat\/escmadorell\/wp-json\/wp\/v2\/posts\/18332","targetHints":{"allow":["GET"]}}],"collection":[{"href":"https:\/\/agora.xtec.cat\/escmadorell\/wp-json\/wp\/v2\/posts"}],"about":[{"href":"https:\/\/agora.xtec.cat\/escmadorell\/wp-json\/wp\/v2\/types\/post"}],"author":[{"embeddable":true,"href":"https:\/\/agora.xtec.cat\/escmadorell\/wp-json\/wp\/v2\/users\/9"}],"replies":[{"embeddable":true,"href":"https:\/\/agora.xtec.cat\/escmadorell\/wp-json\/wp\/v2\/comments?post=18332"}],"version-history":[{"count":1,"href":"https:\/\/agora.xtec.cat\/escmadorell\/wp-json\/wp\/v2\/posts\/18332\/revisions"}],"predecessor-version":[{"id":18337,"href":"https:\/\/agora.xtec.cat\/escmadorell\/wp-json\/wp\/v2\/posts\/18332\/revisions\/18337"}],"wp:attachment":[{"href":"https:\/\/agora.xtec.cat\/escmadorell\/wp-json\/wp\/v2\/media?parent=18332"}],"wp:term":[{"taxonomy":"category","embeddable":true,"href":"https:\/\/agora.xtec.cat\/escmadorell\/wp-json\/wp\/v2\/categories?post=18332"},{"taxonomy":"post_tag","embeddable":true,"href":"https:\/\/agora.xtec.cat\/escmadorell\/wp-json\/wp\/v2\/tags?post=18332"}],"curies":[{"name":"wp","href":"https:\/\/api.w.org\/{rel}","templated":true}]}}