{"id":18147,"date":"2023-11-24T10:31:02","date_gmt":"2023-11-24T09:31:02","guid":{"rendered":"https:\/\/agora.xtec.cat\/escmadorell\/?p=18147"},"modified":"2023-11-24T10:52:27","modified_gmt":"2023-11-24T09:52:27","slug":"eleccions-consell-escolar-2023","status":"publish","type":"post","link":"https:\/\/agora.xtec.cat\/escmadorell\/portada\/eleccions-consell-escolar-2023\/","title":{"rendered":"Eleccions Consell Escolar 2023"},"content":{"rendered":"<p>Benvolgudes fam\u00edlies,<\/p>\n<p>El dimarts 21 de novembre se celebraren les eleccions del sector pares, mares i tutors\/es legals de l&#8217;alumnat. La participaci\u00f3 va ser de 43 persones, un 14,33% del cens. Un cop comptats els vots, els resultats foren:<\/p>\n<ul>\n<li>F\u00e0tima 20 vots<\/li>\n<li>Ana Mar\u00eda 19 Vots<\/li>\n<li>N\u00faria 20 vots.<\/li>\n<\/ul>\n<p>Per tant, s&#8217;incorporen al Consell Escolar, la F\u00e0tima i la N\u00faria, restant l&#8217;Ana Mar\u00eda com a suplent en cas d&#8217;alguna vacant.<\/p>\n<p>El dijous 23 de novembre, se celebraren les eleccions del sector mestres. La participaci\u00f3 fou de 19 persones, el 95% del cens. Un cop fet l&#8217;escrutini entren a formar part del Consell la Teresa i l&#8217;Imma. Com a suplents queden en aquest ordre: Cristina, Montse C., Carol, Llu\u00eds, Ana, Irene, Laura i Laia<\/p>\n<p>En el cas del sector PAS, no hi havia convocat\u00f2ria. El Jordi entra a la vacant, ja que era la persona que estava en supl\u00e8ncia.<\/p>\n<p>&nbsp;<\/p>\n","protected":false},"excerpt":{"rendered":"<p>Benvolgudes fam\u00edlies,<br \/>\nEl dimarts 21 de novembre se celebraren les eleccions del sector pares, mares i tutors\/es legals de l&#8217;alumnat. La participaci\u00f3 va ser de 43 persones, un 14,33% del cens. Un cop comptats els vots, els resultats foren:<\/p>\n<ul>\n<li>F\u00e0tima 20 vots<\/li>\n<li>Ana Mar\u00eda 19 Vots<\/li>\n<li>N\u00faria 20 vots.<\/li>\n<\/ul>\n<p>Per&hellip;  <a href=\"https:\/\/agora.xtec.cat\/escmadorell\/portada\/eleccions-consell-escolar-2023\/\" title=\"Read Eleccions Consell Escolar 2023\">Llegeix m\u00e9s\u00bb<\/a><\/p>\n","protected":false},"author":4,"featured_media":0,"comment_status":"open","ping_status":"closed","sticky":false,"template":"","format":"standard","meta":{"_bbp_topic_count":0,"_bbp_reply_count":0,"_bbp_total_topic_count":0,"_bbp_total_reply_count":0,"_bbp_voice_count":0,"_bbp_anonymous_reply_count":0,"_bbp_topic_count_hidden":0,"_bbp_reply_count_hidden":0,"_bbp_forum_subforum_count":0,"footnotes":""},"categories":[108,267,4],"tags":[],"class_list":["post-18147","post","type-post","status-publish","format-standard","hentry","category-consell-escolar","category-curs-23-24","category-portada"],"post_mailing_queue_ids":[],"_links":{"self":[{"href":"https:\/\/agora.xtec.cat\/escmadorell\/wp-json\/wp\/v2\/posts\/18147","targetHints":{"allow":["GET"]}}],"collection":[{"href":"https:\/\/agora.xtec.cat\/escmadorell\/wp-json\/wp\/v2\/posts"}],"about":[{"href":"https:\/\/agora.xtec.cat\/escmadorell\/wp-json\/wp\/v2\/types\/post"}],"author":[{"embeddable":true,"href":"https:\/\/agora.xtec.cat\/escmadorell\/wp-json\/wp\/v2\/users\/4"}],"replies":[{"embeddable":true,"href":"https:\/\/agora.xtec.cat\/escmadorell\/wp-json\/wp\/v2\/comments?post=18147"}],"version-history":[{"count":1,"href":"https:\/\/agora.xtec.cat\/escmadorell\/wp-json\/wp\/v2\/posts\/18147\/revisions"}],"predecessor-version":[{"id":18148,"href":"https:\/\/agora.xtec.cat\/escmadorell\/wp-json\/wp\/v2\/posts\/18147\/revisions\/18148"}],"wp:attachment":[{"href":"https:\/\/agora.xtec.cat\/escmadorell\/wp-json\/wp\/v2\/media?parent=18147"}],"wp:term":[{"taxonomy":"category","embeddable":true,"href":"https:\/\/agora.xtec.cat\/escmadorell\/wp-json\/wp\/v2\/categories?post=18147"},{"taxonomy":"post_tag","embeddable":true,"href":"https:\/\/agora.xtec.cat\/escmadorell\/wp-json\/wp\/v2\/tags?post=18147"}],"curies":[{"name":"wp","href":"https:\/\/api.w.org\/{rel}","templated":true}]}}