{"id":18077,"date":"2023-11-07T15:04:48","date_gmt":"2023-11-07T14:04:48","guid":{"rendered":"https:\/\/agora.xtec.cat\/escmadorell\/?p=18077"},"modified":"2023-11-08T13:15:25","modified_gmt":"2023-11-08T12:15:25","slug":"inauguracio-exposicio-j-m-madorell-amb-ulls-dinfant","status":"publish","type":"post","link":"https:\/\/agora.xtec.cat\/escmadorell\/general\/inauguracio-exposicio-j-m-madorell-amb-ulls-dinfant\/","title":{"rendered":"Inauguraci\u00f3 exposici\u00f3: &#8220;J. M. Madorell amb ulls d&#8217;infant&#8221;"},"content":{"rendered":"<h4><strong>Inauguraci\u00f3 de l\u2019exposici\u00f3<\/strong><br \/>\n<strong>\u201cJosep Maria Madorell amb ulls d\u2019infant\u201d<\/strong><\/h4>\n<p>Per commemorar el centenari del naixement de Josep Maria Madorell, l\u2019Escola Josep Maria Madorell, que porta el nom del dibuixant fill predilecte de Molins, organitza una exposici\u00f3 a la Biblioteca El Mol\u00ed amb un doble objectiu: participar de la celebraci\u00f3 del centenari i alhora treballar la figura del dibuixant entre tot l\u2019alumnat del centre<\/p>\n<table width=\"617\">\n<tbody>\n<tr>\n<td width=\"617\">Dia i hora: dimarts 7 de novembre de 2023<br \/>\nHora: 17.30 h<br \/>\nLloc: Biblioteca El Mol\u00ed (Sala 2). Pla\u00e7a de l&#8217;U d&#8217;Octubre de 2017, 2,<br \/>\nMolins de ReiIntervindran:Xavi Obiols, director de l\u2019Escola Josep Maria Madorell, Ester Pi\u00f1ol, comiss\u00e0ria de l\u2019exposici\u00f3 \u201cJosep Maria Madorell amb mirada d\u2019infant\u201d, i Elena S\u00e1iz, alumna de 5\u00e8.<\/p>\n<p>Pere Madorell, familiar de Josep Maria Madorell.<\/p>\n<p>M\u00f2nica Estruch, directora d\u2019Edicions Cavall Fort.<\/p>\n<p>Lucas Ferro, regidor d\u2019Educaci\u00f3.<\/p>\n<p>Ainoa Garc\u00eda, regidora de Cultura.<\/td>\n<\/tr>\n<\/tbody>\n<\/table>\n<p>Molins de Rei, 7\/11\/2023. El 7 de novembre se celebren els 100 anys del naixement de Josep Maria Madorell, fill predilecte de Molins de Rei i un dels dibuixants m\u00e9s rellevants del nostre pa\u00eds durant la segona meitat del segle XX i principis del XXI.<\/p>\n<p>Per commemorar aquesta data assenyalada, l\u2019Escola Josep Maria Madorell, que porta el nom del dibuixant molinenc des de fa dotze anys, organitza una exposici\u00f3 a la Biblioteca El Mol\u00ed (Molins de Rei) amb un doble objectiu: participar de la celebraci\u00f3 del centenari i alhora treballar la figura del dibuixant entre tot l\u2019alumnat del centre<\/p>\n<p><u>PROGRAMA<\/u><\/p>\n<p>17:20h\u00a0\u00a0\u00a0\u00a0\u00a0\u00a0\u00a0 Arribada dels mitjans de comunicaci\u00f3*.<\/p>\n<p>17.20 h \u00a0\u00a0\u00a0\u00a0 Arribada d\u2019autoritats. Salutacions.<\/p>\n<p>17.30 h\u00a0\u00a0\u00a0\u00a0\u00a0 Inici de la presentaci\u00f3 Institucional:<\/p>\n<p>17.45 h \u00a0\u00a0\u00a0\u00a0 Torn de preguntes per part dels periodistes. (si n\u2019hi han)<\/p>\n<p>17.50 h \u00a0\u00a0\u00a0\u00a0 Visita a l\u2019exposici\u00f3. Sala de lectura per veure la reinterpretaci\u00f3 de l\u2019obra feta per l\u2019alumnat.<\/p>\n<p>18.00 h \u00a0\u00a0\u00a0\u00a0 Fotografia de tots els representants de les institucions participants en l\u2019exposici\u00f3.<\/p>\n<p>* Els mitjans podran entrevistar les persones que hi han intervingut i enregistrar imatges de l\u2019exposici\u00f3.<\/p>\n<p>&nbsp;<\/p>\n<p><strong>J. M. Madorell amb ulls d\u2019infant<\/strong><\/p>\n<p>La mostra \u201cJ. M. Madorell amb ulls d\u2019infant\u201d ha estat elaborada per l\u2019alumnat de l\u2019Escola que porta el nom del dibuixant molinenc amb la col\u00b7laboraci\u00f3 d\u2019Edicions Cavall Fort i la Biblioteca El Mol\u00ed. El centenari del naixement de J. M. Madorell ha motivat al centre educatiu molinenc a treballar la vida i obra del dibuixant, transformant tot all\u00f2 que va ensenyar i aportar, i compartir-ho amb la resta de la ciutat en format expositiu.<\/p>\n<p>El centenari de l\u2019exposici\u00f3 ha perm\u00e8s treballar la vinculaci\u00f3 de Madorell amb la natura a l\u2019alumnat d\u2019I3 i la seva relaci\u00f3 amb l\u2019astronomia en el cas d\u2019I5. Els autoretrats que va fer-se Madorell han motivat el coneixement corporal als infants de 1r. En el cas de l\u2019alumnat de 2n, han treballat l\u2019estructura del c\u00f2mic interpretant hist\u00f2ries de Jep i Fidel. El cartellisme de Madorell vinculat al CEM o a la Fira de la Candelera ha estat la porta de coneixement a l\u2019obra del dibuixant a l\u2019alumnat de 3r. Finalment, tot l\u2019alumnat de 4t, 5\u00e8 i 6\u00e8 han treballat una biografia de Madorell i ho mostraran en una l\u00ednia de vida que ocupar\u00e0 les escales de la Biblioteca el Mol\u00ed a partir de les efem\u00e8rides m\u00e9s rellevants de la vida de Madorell.<\/p>\n<p>Tots els visitants que, del 7 al 30 de novembre, visitin l\u2019exposici\u00f3 podran participar en el sorteig d\u2019un lot de llibres gr\u00e0cies a la col\u00b7laboraci\u00f3 de les llibreries de Molins de Rei (Llibreria Am\u00e8lia, Llibreria Arola, Llibreria Barba, Llibreria Cent Vides, Papereria Rompeolas) i Edicions Cavall Fort.<\/p>\n<p><a href=\"https:\/\/photos.app.goo.gl\/AeRZ47KTTNHPsEGa6\"><img loading=\"lazy\" decoding=\"async\" class=\"aligncenter wp-image-18078\" src=\"https:\/\/agora.xtec.cat\/escmadorell\/wp-content\/uploads\/usu1350\/2023\/11\/WhatsApp-Image-2023-11-07-at-19.43.31-4.jpeg\" alt=\"\" width=\"660\" height=\"495\" srcset=\"https:\/\/agora.xtec.cat\/escmadorell\/wp-content\/uploads\/usu1350\/2023\/11\/WhatsApp-Image-2023-11-07-at-19.43.31-4.jpeg 1024w, https:\/\/agora.xtec.cat\/escmadorell\/wp-content\/uploads\/usu1350\/2023\/11\/WhatsApp-Image-2023-11-07-at-19.43.31-4-300x225.jpeg 300w, https:\/\/agora.xtec.cat\/escmadorell\/wp-content\/uploads\/usu1350\/2023\/11\/WhatsApp-Image-2023-11-07-at-19.43.31-4-768x576.jpeg 768w, https:\/\/agora.xtec.cat\/escmadorell\/wp-content\/uploads\/usu1350\/2023\/11\/WhatsApp-Image-2023-11-07-at-19.43.31-4-200x150.jpeg 200w\" sizes=\"auto, (max-width: 660px) 100vw, 660px\" \/><\/a><\/p>\n<p><strong>Programa Magnet<\/strong><\/p>\n<p>Des del curs 2022-23, el programa Magnet es desenvolupa a l\u2019Escola Madorell en alian\u00e7a amb els Centres Cient\u00edfics i Tecnol\u00f2gics de la Universitat de Barcelona (CCiTUB), a trav\u00e9s d\u2019un projecte de transformaci\u00f3 educativa centrat en la ci\u00e8ncia i la tecnologia.<\/p>\n<p>\u201c<em>MAGNET. Aliances per a l\u2019\u00e8xit educatiu<\/em>\u201d \u00e9s un programa que involucra centres educatius i institucions de refer\u00e8ncia en projectes educatius innovadors i de qualitat. L\u2019objectiu \u00e9s acompanyar els centres educatius en el desenvolupament de projectes portats a terme en alian\u00e7a amb una instituci\u00f3 d\u2019excel\u00b7l\u00e8ncia. Magnet \u00e9s un programa impulsat conjuntament pel Departament d\u2019Educaci\u00f3 de la Generalitat de Catalunya, la Fundaci\u00f3 Jaume Bofill i l\u2019Institut de Ci\u00e8ncies de l\u2019Educaci\u00f3 de la Universitat Aut\u00f2noma de Barcelona, en col\u00b7laboraci\u00f3 amb ajuntaments com \u00e9s el cas de Molins de Rei.<\/p>\n<p><strong>Edicions Cavall Fort<\/strong><\/p>\n<p>El desembre de 1961, pels volts de Nadal, naixia la revista Cavall Fort. Des de llavors, Cavall Fort ha fet un llarg cam\u00ed, sense perdre mai de vista els seus objectius essencials: ser una revista adre\u00e7ada al p\u00fablic infantil i juvenil, feta en catal\u00e0, divertida i interessant, amb un contingut i una presentaci\u00f3 de m\u00e0xima qualitat, que ajudi els seus lectors a adquirir el gust per la lectura, els desvetlli la curiositat pel m\u00f3n que els envolta, els estimuli la creativitat i sigui, en definitiva, un element de lleure actiu, creatiu i enriquidor.<\/p>\n<p>Aquests mateixos criteris s\u2019apliquen a El Tatano, la revista que hem creat per als lectors que es troben en les primeres etapes de l\u2019aprenentatge de la lectura. La voluntat d\u2019evolucionar i adaptar-nos als canvis de la societat en qu\u00e8 vivim ens va portar l\u2019any 1999 a ser una de les primeres revistes amb un lloc web propi a Internet. L\u2019any 1991 es va constituir la Fundaci\u00f3 Cavall Fort, que actualment \u00e9s la propiet\u00e0ria de l\u2019editorial i n\u2019assegura la continu\u00eftat.<\/p>\n<p>Per a m\u00e9s informaci\u00f3, podeu contactar amb:<\/p>\n<p>Fundaci\u00f3 Jaume Bofill:<br \/>\nMontse Dalmau, comunicaci\u00f3 del programa Magnet<br \/>\n<u>mdalmau@fbofill.cat<\/u> &#8211; Tel. 669 057 515<\/p>\n<p>&nbsp;<\/p>\n","protected":false},"excerpt":{"rendered":"<p>Inauguraci\u00f3 de l\u2019exposici\u00f3<br \/>\n\u201cJosep Maria Madorell amb ulls d\u2019infant\u201d<br \/>\nPer commemorar el centenari del naixement de Josep Maria Madorell, l\u2019Escola Josep Maria Madorell, que porta el nom del dibuixant fill predilecte de Molins, organitza una exposici\u00f3 a la Biblioteca El Mol\u00ed amb un doble objectiu: participar de&hellip;  <a href=\"https:\/\/agora.xtec.cat\/escmadorell\/general\/inauguracio-exposicio-j-m-madorell-amb-ulls-dinfant\/\" title=\"Read Inauguraci\u00f3 exposici\u00f3: &#8220;J. M. Madorell amb ulls d&#8217;infant&#8221;\">Llegeix m\u00e9s\u00bb<\/a><\/p>\n","protected":false},"author":4,"featured_media":0,"comment_status":"open","ping_status":"closed","sticky":false,"template":"","format":"standard","meta":{"_bbp_topic_count":0,"_bbp_reply_count":0,"_bbp_total_topic_count":0,"_bbp_total_reply_count":0,"_bbp_voice_count":0,"_bbp_anonymous_reply_count":0,"_bbp_topic_count_hidden":0,"_bbp_reply_count_hidden":0,"_bbp_forum_subforum_count":0,"footnotes":""},"categories":[227,267,1,4,5],"tags":[],"class_list":["post-18077","post","type-post","status-publish","format-standard","hentry","category-biblioteca-2","category-curs-23-24","category-general","category-portada","category-primaria"],"post_mailing_queue_ids":[],"_links":{"self":[{"href":"https:\/\/agora.xtec.cat\/escmadorell\/wp-json\/wp\/v2\/posts\/18077","targetHints":{"allow":["GET"]}}],"collection":[{"href":"https:\/\/agora.xtec.cat\/escmadorell\/wp-json\/wp\/v2\/posts"}],"about":[{"href":"https:\/\/agora.xtec.cat\/escmadorell\/wp-json\/wp\/v2\/types\/post"}],"author":[{"embeddable":true,"href":"https:\/\/agora.xtec.cat\/escmadorell\/wp-json\/wp\/v2\/users\/4"}],"replies":[{"embeddable":true,"href":"https:\/\/agora.xtec.cat\/escmadorell\/wp-json\/wp\/v2\/comments?post=18077"}],"version-history":[{"count":4,"href":"https:\/\/agora.xtec.cat\/escmadorell\/wp-json\/wp\/v2\/posts\/18077\/revisions"}],"predecessor-version":[{"id":18082,"href":"https:\/\/agora.xtec.cat\/escmadorell\/wp-json\/wp\/v2\/posts\/18077\/revisions\/18082"}],"wp:attachment":[{"href":"https:\/\/agora.xtec.cat\/escmadorell\/wp-json\/wp\/v2\/media?parent=18077"}],"wp:term":[{"taxonomy":"category","embeddable":true,"href":"https:\/\/agora.xtec.cat\/escmadorell\/wp-json\/wp\/v2\/categories?post=18077"},{"taxonomy":"post_tag","embeddable":true,"href":"https:\/\/agora.xtec.cat\/escmadorell\/wp-json\/wp\/v2\/tags?post=18077"}],"curies":[{"name":"wp","href":"https:\/\/api.w.org\/{rel}","templated":true}]}}