{"id":18020,"date":"2023-10-25T08:55:49","date_gmt":"2023-10-25T06:55:49","guid":{"rendered":"https:\/\/agora.xtec.cat\/escmadorell\/?p=18020"},"modified":"2023-10-24T20:41:12","modified_gmt":"2023-10-24T18:41:12","slug":"lexpressio-oral-a-la-classe-del-flaix","status":"publish","type":"post","link":"https:\/\/agora.xtec.cat\/escmadorell\/general\/lexpressio-oral-a-la-classe-del-flaix\/","title":{"rendered":"L\u2019EXPRESSI\u00d3 ORAL A LA CLASSE DEL FLAIX"},"content":{"rendered":"<p><span style=\"font-weight: 400;\">L\u2019expressi\u00f3 oral \u00e9s una habilitat fonamental que influeix en el desenvolupament acad\u00e8mic i personal dels alumnes.<\/span><\/p>\n<p><span style=\"font-weight: 400;\">Saber expressar-se oralment \u00e9s una eina que permet als alumnes comunicar pensaments, idees i emocions de manera clara i efectiva. A m\u00e9s, fomenta la confian\u00e7a en si mateixos i els prepara per a reptes futurs.<\/span><\/p>\n<p><span style=\"font-weight: 400;\">Els dilluns despr\u00e9s del pati, l\u2019alumnat de 5\u00e8 de la classe del Flaix, treballen en mig grup les habilitats que permeten parlar amb correcci\u00f3.<\/span><\/p>\n<p><span style=\"font-weight: 400;\">En les primeres sessions\u00a0 hem pogut parlar del neguit que a vegades genera el fet de parlar en p\u00fablic: posar-se vermell, moure descontroladament alguna part del cos, tenir la boca seca, suar, oblidar all\u00f2 que vols dir, comen\u00e7ar a riure sense motiu&#8230; Tothom en algun moment ha passat per aquesta situaci\u00f3 i poder-la compartir amb els companys i companyes fa veure que \u00e9s quelcom normal, per\u00f2 que cal treballar per tal de poder-ho controlar.<\/span><\/p>\n<p><span style=\"font-weight: 400;\">En aquestes sessions d\u2019expressi\u00f3 oral treballem:<\/span><\/p>\n<ul>\n<li style=\"list-style-type: none;\">\n<ul>\n<li style=\"font-weight: 400;\" aria-level=\"1\"><span style=\"font-weight: 400;\">La claredat i precisi\u00f3 del discurs: \u00c9s important que expressin les seves idees de manera clara i precisa, utilitzant un vocabulari adequat i estructurant les frases de manera coherent.<\/span><\/li>\n<li style=\"font-weight: 400;\" aria-level=\"1\"><span style=\"font-weight: 400;\">El volum de pronunciaci\u00f3: Treballar la projecci\u00f3 de la veu de manera que arribi a tothom sovint no \u00e9s tan f\u00e0cil si la vergonya acompanya.<\/span><\/li>\n<li style=\"font-weight: 400;\" aria-level=\"1\"><span style=\"font-weight: 400;\">Llenguatge corporal: El llenguatge corporal tamb\u00e9 \u00e9s una part rellevant de l\u2019expressi\u00f3 oral. Els alumnes de cinqu\u00e8 han comprovat com el llenguatge corporal pot jugar a favor o en contra del que estem comunicant. Prendre consci\u00e8ncia del propi cos quan parlem als altres, \u00e9s el primer pas per saber com comunicar.<\/span><\/li>\n<li style=\"font-weight: 400;\" aria-level=\"1\"><span style=\"font-weight: 400;\">Escolta Activa: La comunicaci\u00f3 no \u00e9s nom\u00e9s parlar, sin\u00f3 tamb\u00e9 escoltar. Fomentar l&#8217;escolta activa permet que l\u2019alumnat comprenguin millor les idees dels altres i responguin de manera adequada. En les sessions d\u2019expressi\u00f3 oral \u00e9s tan rellevant parlar com escoltar als altres per tal de ser capa\u00e7os d\u2019avaluar als altres i d\u2019autoavaluar-nos.<\/span><\/li>\n<li style=\"font-weight: 400;\" aria-level=\"1\"><span style=\"font-weight: 400;\">Confian\u00e7a en nosaltres mateixos: La confian\u00e7a \u00e9s clau per a una expressi\u00f3 oral efectiva. Els nens i nenes de 5\u00e8 han de cr\u00e9ixer en seguretat i autoestima per expressar-se amb facilitat davant dels altres i aix\u00f2 es va adquirint a mesura que ens anem posant en situaci\u00f3.<\/span><\/li>\n<\/ul>\n<\/li>\n<\/ul>\n<p><span style=\"font-weight: 400;\">Treballar l&#8217;expressi\u00f3 oral amb 5\u00e8 de prim\u00e0ria \u00e9s una inversi\u00f3 en el seu futur acad\u00e8mic i personal. Les habilitats que adquireixen a trav\u00e9s d&#8217;aquest treball no nom\u00e9s els ajuden a comunicar-se millor, tamb\u00e9 els prepara per a un futur ple d&#8217;oportunitats.<\/span><\/p>\n<p><a href=\"https:\/\/agora.xtec.cat\/escmadorell\/wp-content\/uploads\/usu1350\/2023\/10\/IMG-5862-scaled.jpg\"><img loading=\"lazy\" decoding=\"async\" class=\"aligncenter  wp-image-18022\" src=\"https:\/\/agora.xtec.cat\/escmadorell\/wp-content\/uploads\/usu1350\/2023\/10\/IMG-5862-scaled.jpg\" alt=\"\" width=\"555\" height=\"417\" srcset=\"https:\/\/agora.xtec.cat\/escmadorell\/wp-content\/uploads\/usu1350\/2023\/10\/IMG-5862-scaled.jpg 2560w, https:\/\/agora.xtec.cat\/escmadorell\/wp-content\/uploads\/usu1350\/2023\/10\/IMG-5862-300x225.jpg 300w, https:\/\/agora.xtec.cat\/escmadorell\/wp-content\/uploads\/usu1350\/2023\/10\/IMG-5862-1024x768.jpg 1024w, https:\/\/agora.xtec.cat\/escmadorell\/wp-content\/uploads\/usu1350\/2023\/10\/IMG-5862-768x576.jpg 768w, https:\/\/agora.xtec.cat\/escmadorell\/wp-content\/uploads\/usu1350\/2023\/10\/IMG-5862-1536x1152.jpg 1536w, https:\/\/agora.xtec.cat\/escmadorell\/wp-content\/uploads\/usu1350\/2023\/10\/IMG-5862-2048x1536.jpg 2048w, https:\/\/agora.xtec.cat\/escmadorell\/wp-content\/uploads\/usu1350\/2023\/10\/IMG-5862-200x150.jpg 200w\" sizes=\"auto, (max-width: 555px) 100vw, 555px\" \/><\/a> <a href=\"https:\/\/agora.xtec.cat\/escmadorell\/wp-content\/uploads\/usu1350\/2023\/10\/IMG-5863-scaled.jpg\"><img loading=\"lazy\" decoding=\"async\" class=\"aligncenter  wp-image-18023\" src=\"https:\/\/agora.xtec.cat\/escmadorell\/wp-content\/uploads\/usu1350\/2023\/10\/IMG-5863-scaled.jpg\" alt=\"\" width=\"558\" height=\"744\" srcset=\"https:\/\/agora.xtec.cat\/escmadorell\/wp-content\/uploads\/usu1350\/2023\/10\/IMG-5863-scaled.jpg 1920w, https:\/\/agora.xtec.cat\/escmadorell\/wp-content\/uploads\/usu1350\/2023\/10\/IMG-5863-225x300.jpg 225w, https:\/\/agora.xtec.cat\/escmadorell\/wp-content\/uploads\/usu1350\/2023\/10\/IMG-5863-768x1024.jpg 768w, https:\/\/agora.xtec.cat\/escmadorell\/wp-content\/uploads\/usu1350\/2023\/10\/IMG-5863-1152x1536.jpg 1152w, https:\/\/agora.xtec.cat\/escmadorell\/wp-content\/uploads\/usu1350\/2023\/10\/IMG-5863-1536x2048.jpg 1536w\" sizes=\"auto, (max-width: 558px) 100vw, 558px\" \/><\/a><\/p>\n","protected":false},"excerpt":{"rendered":"<p>L\u2019expressi\u00f3 oral \u00e9s una habilitat fonamental que influeix en el desenvolupament acad\u00e8mic i personal dels alumnes.<br \/>\nSaber expressar-se oralment \u00e9s una eina que permet als alumnes comunicar pensaments, idees i emocions de manera clara i efectiva. A m\u00e9s, fomenta la confian\u00e7a en si mateixos i els&hellip;  <a href=\"https:\/\/agora.xtec.cat\/escmadorell\/general\/lexpressio-oral-a-la-classe-del-flaix\/\" title=\"Read L\u2019EXPRESSI\u00d3 ORAL A LA CLASSE DEL FLAIX\">Llegeix m\u00e9s\u00bb<\/a><\/p>\n","protected":false},"author":9,"featured_media":0,"comment_status":"open","ping_status":"closed","sticky":false,"template":"","format":"standard","meta":{"_bbp_topic_count":0,"_bbp_reply_count":0,"_bbp_total_topic_count":0,"_bbp_total_reply_count":0,"_bbp_voice_count":0,"_bbp_anonymous_reply_count":0,"_bbp_topic_count_hidden":0,"_bbp_reply_count_hidden":0,"_bbp_forum_subforum_count":0,"footnotes":""},"categories":[14,267,1,4,5],"tags":[],"class_list":["post-18020","post","type-post","status-publish","format-standard","hentry","category-5e","category-curs-23-24","category-general","category-portada","category-primaria"],"post_mailing_queue_ids":[],"_links":{"self":[{"href":"https:\/\/agora.xtec.cat\/escmadorell\/wp-json\/wp\/v2\/posts\/18020","targetHints":{"allow":["GET"]}}],"collection":[{"href":"https:\/\/agora.xtec.cat\/escmadorell\/wp-json\/wp\/v2\/posts"}],"about":[{"href":"https:\/\/agora.xtec.cat\/escmadorell\/wp-json\/wp\/v2\/types\/post"}],"author":[{"embeddable":true,"href":"https:\/\/agora.xtec.cat\/escmadorell\/wp-json\/wp\/v2\/users\/9"}],"replies":[{"embeddable":true,"href":"https:\/\/agora.xtec.cat\/escmadorell\/wp-json\/wp\/v2\/comments?post=18020"}],"version-history":[{"count":3,"href":"https:\/\/agora.xtec.cat\/escmadorell\/wp-json\/wp\/v2\/posts\/18020\/revisions"}],"predecessor-version":[{"id":18025,"href":"https:\/\/agora.xtec.cat\/escmadorell\/wp-json\/wp\/v2\/posts\/18020\/revisions\/18025"}],"wp:attachment":[{"href":"https:\/\/agora.xtec.cat\/escmadorell\/wp-json\/wp\/v2\/media?parent=18020"}],"wp:term":[{"taxonomy":"category","embeddable":true,"href":"https:\/\/agora.xtec.cat\/escmadorell\/wp-json\/wp\/v2\/categories?post=18020"},{"taxonomy":"post_tag","embeddable":true,"href":"https:\/\/agora.xtec.cat\/escmadorell\/wp-json\/wp\/v2\/tags?post=18020"}],"curies":[{"name":"wp","href":"https:\/\/api.w.org\/{rel}","templated":true}]}}