{"id":17981,"date":"2023-10-19T17:24:47","date_gmt":"2023-10-19T15:24:47","guid":{"rendered":"https:\/\/agora.xtec.cat\/escmadorell\/?p=17981"},"modified":"2023-10-19T20:30:21","modified_gmt":"2023-10-19T18:30:21","slug":"treballem-els-comics","status":"publish","type":"post","link":"https:\/\/agora.xtec.cat\/escmadorell\/general\/treballem-els-comics\/","title":{"rendered":"TREBALLEM ELS C\u00d2MICS"},"content":{"rendered":"<p><span style=\"font-weight: 400;\">Aquest any celebrem el centenari del naixement d\u2019en Josep M.Madorell. Com \u00e9s el nom de <\/span><span style=\"font-weight: 400;\">l\u2019il\u00b7lustrador que dona nom a la nostra escola estem treballant els c\u00f2mics. <\/span><span style=\"font-weight: 400;\">Per aix\u00f2 hem anat a la biblioteca per mirar la tipologia textual dels c\u00f2mics.<\/span><\/p>\n<p><span style=\"font-weight: 400;\">Ens hem adonat que els c\u00f2mics s\u00f3n petites hist\u00f2ries on hi posem un text amb vinyetes i onomatopeies. Ens agrada il\u00b7lustrar els c\u00f2mics com en Josep M.Madorell i estem fent <\/span><b>tires c\u00f2miques <\/b><span style=\"font-weight: 400;\">molt divertides.<\/span><\/p>\n<p><span style=\"font-weight: 400;\">Ens agrada molt anar a la biblioteca de l\u2019escola i mirar un munt de c\u00f2mics que tenim del Cavall Fort, el Tatano\u2026<\/span><\/p>\n<p><span style=\"font-weight: 400;\">Aqu\u00ed us deixem una mostra del que fem a la biblioteca i esperem que us agradi.<\/span><\/p>\n<p><a href=\"https:\/\/agora.xtec.cat\/escmadorell\/wp-content\/uploads\/usu1350\/2023\/10\/PHOTO-2023-10-19-12-04-00.jpg\"><img loading=\"lazy\" decoding=\"async\" class=\"aligncenter wp-image-17983\" src=\"https:\/\/agora.xtec.cat\/escmadorell\/wp-content\/uploads\/usu1350\/2023\/10\/PHOTO-2023-10-19-12-04-00.jpg\" alt=\"\" width=\"550\" height=\"413\" srcset=\"https:\/\/agora.xtec.cat\/escmadorell\/wp-content\/uploads\/usu1350\/2023\/10\/PHOTO-2023-10-19-12-04-00.jpg 1024w, https:\/\/agora.xtec.cat\/escmadorell\/wp-content\/uploads\/usu1350\/2023\/10\/PHOTO-2023-10-19-12-04-00-300x225.jpg 300w, https:\/\/agora.xtec.cat\/escmadorell\/wp-content\/uploads\/usu1350\/2023\/10\/PHOTO-2023-10-19-12-04-00-768x576.jpg 768w, https:\/\/agora.xtec.cat\/escmadorell\/wp-content\/uploads\/usu1350\/2023\/10\/PHOTO-2023-10-19-12-04-00-200x150.jpg 200w\" sizes=\"auto, (max-width: 550px) 100vw, 550px\" \/><\/a> <a href=\"https:\/\/agora.xtec.cat\/escmadorell\/wp-content\/uploads\/usu1350\/2023\/10\/PHOTO-2023-10-19-12-06-47-1.jpg\"><img loading=\"lazy\" decoding=\"async\" class=\"aligncenter wp-image-17984\" src=\"https:\/\/agora.xtec.cat\/escmadorell\/wp-content\/uploads\/usu1350\/2023\/10\/PHOTO-2023-10-19-12-06-47-1.jpg\" alt=\"\" width=\"550\" height=\"412\" srcset=\"https:\/\/agora.xtec.cat\/escmadorell\/wp-content\/uploads\/usu1350\/2023\/10\/PHOTO-2023-10-19-12-06-47-1.jpg 1024w, https:\/\/agora.xtec.cat\/escmadorell\/wp-content\/uploads\/usu1350\/2023\/10\/PHOTO-2023-10-19-12-06-47-1-300x225.jpg 300w, https:\/\/agora.xtec.cat\/escmadorell\/wp-content\/uploads\/usu1350\/2023\/10\/PHOTO-2023-10-19-12-06-47-1-768x576.jpg 768w, https:\/\/agora.xtec.cat\/escmadorell\/wp-content\/uploads\/usu1350\/2023\/10\/PHOTO-2023-10-19-12-06-47-1-200x150.jpg 200w\" sizes=\"auto, (max-width: 550px) 100vw, 550px\" \/><\/a><\/p>\n","protected":false},"excerpt":{"rendered":"<p>Aquest any celebrem el centenari del naixement d\u2019en Josep M.Madorell. Com \u00e9s el nom de l\u2019il\u00b7lustrador que dona nom a la nostra escola estem treballant els c\u00f2mics. Per aix\u00f2 hem anat a la biblioteca per mirar la tipologia textual dels c\u00f2mics.<br \/>\nEns hem adonat que els&hellip;  <a href=\"https:\/\/agora.xtec.cat\/escmadorell\/general\/treballem-els-comics\/\" title=\"Read TREBALLEM ELS C\u00d2MICS\">Llegeix m\u00e9s\u00bb<\/a><\/p>\n","protected":false},"author":9,"featured_media":0,"comment_status":"open","ping_status":"closed","sticky":false,"template":"","format":"standard","meta":{"_bbp_topic_count":0,"_bbp_reply_count":0,"_bbp_total_topic_count":0,"_bbp_total_reply_count":0,"_bbp_voice_count":0,"_bbp_anonymous_reply_count":0,"_bbp_topic_count_hidden":0,"_bbp_reply_count_hidden":0,"_bbp_forum_subforum_count":0,"footnotes":""},"categories":[11,267,1,4,5],"tags":[],"class_list":["post-17981","post","type-post","status-publish","format-standard","hentry","category-2n","category-curs-23-24","category-general","category-portada","category-primaria"],"post_mailing_queue_ids":[],"_links":{"self":[{"href":"https:\/\/agora.xtec.cat\/escmadorell\/wp-json\/wp\/v2\/posts\/17981","targetHints":{"allow":["GET"]}}],"collection":[{"href":"https:\/\/agora.xtec.cat\/escmadorell\/wp-json\/wp\/v2\/posts"}],"about":[{"href":"https:\/\/agora.xtec.cat\/escmadorell\/wp-json\/wp\/v2\/types\/post"}],"author":[{"embeddable":true,"href":"https:\/\/agora.xtec.cat\/escmadorell\/wp-json\/wp\/v2\/users\/9"}],"replies":[{"embeddable":true,"href":"https:\/\/agora.xtec.cat\/escmadorell\/wp-json\/wp\/v2\/comments?post=17981"}],"version-history":[{"count":2,"href":"https:\/\/agora.xtec.cat\/escmadorell\/wp-json\/wp\/v2\/posts\/17981\/revisions"}],"predecessor-version":[{"id":17986,"href":"https:\/\/agora.xtec.cat\/escmadorell\/wp-json\/wp\/v2\/posts\/17981\/revisions\/17986"}],"wp:attachment":[{"href":"https:\/\/agora.xtec.cat\/escmadorell\/wp-json\/wp\/v2\/media?parent=17981"}],"wp:term":[{"taxonomy":"category","embeddable":true,"href":"https:\/\/agora.xtec.cat\/escmadorell\/wp-json\/wp\/v2\/categories?post=17981"},{"taxonomy":"post_tag","embeddable":true,"href":"https:\/\/agora.xtec.cat\/escmadorell\/wp-json\/wp\/v2\/tags?post=17981"}],"curies":[{"name":"wp","href":"https:\/\/api.w.org\/{rel}","templated":true}]}}