{"id":17902,"date":"2023-09-22T14:40:28","date_gmt":"2023-09-22T12:40:28","guid":{"rendered":"https:\/\/agora.xtec.cat\/escmadorell\/?p=17902"},"modified":"2023-09-22T14:43:45","modified_gmt":"2023-09-22T12:43:45","slug":"la-classe-de-segon-comenca-el-projecte-de-la-natura","status":"publish","type":"post","link":"https:\/\/agora.xtec.cat\/escmadorell\/general\/la-classe-de-segon-comenca-el-projecte-de-la-natura\/","title":{"rendered":"LA CLASSE DE SEGON COMEN\u00c7A EL PROJECTE DE LA NATURA"},"content":{"rendered":"<p><span style=\"font-weight: 400;\">La classe de segon dona nom a la seva classe, la classe de la Natura.<\/span><\/p>\n<p><span style=\"font-weight: 400;\">Primer hem observat les plantes del nostre entorn: la Mediterr\u00e0nia, els arbres i les plantes del nostre pati. Hem observat que algunes plantes despr\u00e9s de l\u2019estiu tan calor\u00f3s necessiten que les reguem i les cuidem. Per altra banda, hem decidit comprar m\u00e9s plantes arom\u00e0tiques.<\/span><\/p>\n<p><span style=\"font-weight: 400;\">Cada setmana escriurem les nostres observacions al <\/span><b>Diari de la Natura<\/b><span style=\"font-weight: 400;\"> on posarem les nostres observacions i experi\u00e8ncies.<\/span><\/p>\n<p><span style=\"font-weight: 400;\">Els infants de la classe de la natura estem for\u00e7a sensibilitzats pel respecte de l\u2019entorn i ens agrada con\u00e8ixer, cuidar i mantenir les plantes de l\u2019escola. Aix\u00ed doncs, com \u00e9s el nostre projecte pels altres companys\/es de l\u2019escola esperem que tothom en pogui gaudir i cuidar-les molt!<\/span><\/p>\n<p><a href=\"https:\/\/agora.xtec.cat\/escmadorell\/wp-content\/uploads\/usu1350\/2023\/09\/A97F0456-491D-485C-85C7-1FF0E59D7EF7.jpg\"><img loading=\"lazy\" decoding=\"async\" class=\"aligncenter wp-image-17903\" src=\"https:\/\/agora.xtec.cat\/escmadorell\/wp-content\/uploads\/usu1350\/2023\/09\/A97F0456-491D-485C-85C7-1FF0E59D7EF7.jpg\" alt=\"\" width=\"755\" height=\"755\" srcset=\"https:\/\/agora.xtec.cat\/escmadorell\/wp-content\/uploads\/usu1350\/2023\/09\/A97F0456-491D-485C-85C7-1FF0E59D7EF7.jpg 1280w, https:\/\/agora.xtec.cat\/escmadorell\/wp-content\/uploads\/usu1350\/2023\/09\/A97F0456-491D-485C-85C7-1FF0E59D7EF7-300x300.jpg 300w, https:\/\/agora.xtec.cat\/escmadorell\/wp-content\/uploads\/usu1350\/2023\/09\/A97F0456-491D-485C-85C7-1FF0E59D7EF7-1024x1024.jpg 1024w, https:\/\/agora.xtec.cat\/escmadorell\/wp-content\/uploads\/usu1350\/2023\/09\/A97F0456-491D-485C-85C7-1FF0E59D7EF7-150x150.jpg 150w, https:\/\/agora.xtec.cat\/escmadorell\/wp-content\/uploads\/usu1350\/2023\/09\/A97F0456-491D-485C-85C7-1FF0E59D7EF7-768x768.jpg 768w\" sizes=\"auto, (max-width: 755px) 100vw, 755px\" \/><\/a><\/p>\n","protected":false},"excerpt":{"rendered":"<p>La classe de segon dona nom a la seva classe, la classe de la Natura.<br \/>\nPrimer hem observat les plantes del nostre entorn: la Mediterr\u00e0nia, els arbres i les plantes del nostre pati. Hem observat que algunes plantes despr\u00e9s de l\u2019estiu tan calor\u00f3s necessiten que les&hellip;  <a href=\"https:\/\/agora.xtec.cat\/escmadorell\/general\/la-classe-de-segon-comenca-el-projecte-de-la-natura\/\" title=\"Read LA CLASSE DE SEGON COMEN\u00c7A EL PROJECTE DE LA NATURA\">Llegeix m\u00e9s\u00bb<\/a><\/p>\n","protected":false},"author":9,"featured_media":0,"comment_status":"open","ping_status":"closed","sticky":false,"template":"","format":"standard","meta":{"_bbp_topic_count":0,"_bbp_reply_count":0,"_bbp_total_topic_count":0,"_bbp_total_reply_count":0,"_bbp_voice_count":0,"_bbp_anonymous_reply_count":0,"_bbp_topic_count_hidden":0,"_bbp_reply_count_hidden":0,"_bbp_forum_subforum_count":0,"footnotes":""},"categories":[11,267,1,4,5],"tags":[],"class_list":["post-17902","post","type-post","status-publish","format-standard","hentry","category-2n","category-curs-23-24","category-general","category-portada","category-primaria"],"post_mailing_queue_ids":[],"_links":{"self":[{"href":"https:\/\/agora.xtec.cat\/escmadorell\/wp-json\/wp\/v2\/posts\/17902","targetHints":{"allow":["GET"]}}],"collection":[{"href":"https:\/\/agora.xtec.cat\/escmadorell\/wp-json\/wp\/v2\/posts"}],"about":[{"href":"https:\/\/agora.xtec.cat\/escmadorell\/wp-json\/wp\/v2\/types\/post"}],"author":[{"embeddable":true,"href":"https:\/\/agora.xtec.cat\/escmadorell\/wp-json\/wp\/v2\/users\/9"}],"replies":[{"embeddable":true,"href":"https:\/\/agora.xtec.cat\/escmadorell\/wp-json\/wp\/v2\/comments?post=17902"}],"version-history":[{"count":2,"href":"https:\/\/agora.xtec.cat\/escmadorell\/wp-json\/wp\/v2\/posts\/17902\/revisions"}],"predecessor-version":[{"id":17905,"href":"https:\/\/agora.xtec.cat\/escmadorell\/wp-json\/wp\/v2\/posts\/17902\/revisions\/17905"}],"wp:attachment":[{"href":"https:\/\/agora.xtec.cat\/escmadorell\/wp-json\/wp\/v2\/media?parent=17902"}],"wp:term":[{"taxonomy":"category","embeddable":true,"href":"https:\/\/agora.xtec.cat\/escmadorell\/wp-json\/wp\/v2\/categories?post=17902"},{"taxonomy":"post_tag","embeddable":true,"href":"https:\/\/agora.xtec.cat\/escmadorell\/wp-json\/wp\/v2\/tags?post=17902"}],"curies":[{"name":"wp","href":"https:\/\/api.w.org\/{rel}","templated":true}]}}